{"id":952,"date":"2016-03-05T18:39:05","date_gmt":"2016-03-05T17:39:05","guid":{"rendered":"https:\/\/galerie-bost.com\/?p=952"},"modified":"2021-11-03T16:18:53","modified_gmt":"2021-11-03T15:18:53","slug":"exposition-david-jamin-les-couleurs-de-jamin-de-du-12-mars-au-16-avril-2016","status":"publish","type":"post","link":"https:\/\/galerie-bost.com\/index.php\/2016\/03\/05\/exposition-david-jamin-les-couleurs-de-jamin-de-du-12-mars-au-16-avril-2016\/","title":{"rendered":"Exposition David Jamin \u00ab Les couleurs de Jamin \u00bb du 12 mars au 16 avril 2016"},"content":{"rendered":"<p data-pm-slice=\"1 1 []\"><strong>\u00ab Les couleurs de Jamin \u00bb est une<\/strong> <strong>exposition de <\/strong><a href=\"https:\/\/galerie-bost.com\/index.php\/portfolio\/david-jamin\/\"><strong>David Jamin<\/strong><\/a> et un \u00e9chantillon des tableaux de l&rsquo;artiste et de son utilisation de la couleur, \u00e0 la Galerie Bost du 12 mars au 16 avril \u00e0 Valence.<\/p>\n<p>L\u2019expo hors les murs au golf de St Didier de Charpey se termine ce mois-ci. Mais David Jamin nous revient haut en couleurs \u00a0avec une pr\u00e9sentation au coeur notre galerie intitul\u00e9e \u00ab Les couleurs de Jamin \u00bb.<\/p>\n<figure id=\"attachment_1890\" aria-describedby=\"caption-attachment-1890\" style=\"width: 294px\" class=\"wp-caption aligncenter\"><img loading=\"lazy\" class=\"wp-image-1890 size-medium\" src=\"https:\/\/galerie-bost.com\/wp-content\/uploads\/2019\/12\/david-jamin-tendres-instants-acrylique-sur-toile-tableau-80x80-cm-294x300.jpg\" alt=\"David Jamin - Tendres instants - Acrylique sur toile - Tableau 80x80 cm\" width=\"294\" height=\"300\" \/><figcaption id=\"caption-attachment-1890\" class=\"wp-caption-text\"><em>David Jamin &#8211; Tendres instants &#8211; Acrylique sur toile &#8211; Tableau 80&#215;80 cm<\/em><\/figcaption><\/figure>\n<p>Cette <strong>exposition d\u2019art contemporain<\/strong> pr\u00e9sente diff\u00e9rents th\u00e8mes abord\u00e9s par l\u2019artiste, toujours avec son\u00a0trait \u00e9nergique, ses couleurs lumineuses, cette int\u00e9riorit\u00e9 qui n\u2019appartient qu\u2019\u00e0 lui et\u00a0qu\u2019il nous fait partager avec une \u00e9motion certaine.<\/p>\n<p>N\u2019h\u00e9sitez pas \u00e0 passer notre galerie \u00e0 Valence pour d\u00e9couvrir David Jamin et ses tableaux dans cette nouvelle expo, \u00ab Les couleurs de Jamin \u00bb. Nous vous accueillerons avec joie !<\/p>\n<div data-node-type=\"mediaSingle\" data-layout=\"center\" data-width=\"\">\n<div title=\"Attachment\" data-id=\"\" data-node-type=\"media\" data-type=\"external\" data-collection=\"\" data-url=\"https:\/\/galerie-bost.com\/wp-content\/uploads\/2016\/03\/Affiche-212x300.jpg\" data-alt=\"Affiche\"><\/div>\n<\/div>\n<div class=\"fabric-editor-block-mark fabric-editor-align-center\" data-align=\"center\">\n<p style=\"text-align: center;\"><strong>Exposition <a href=\"https:\/\/www.davidjamin.fr\/galeries-partenaire\/\">David Jamin<\/a> \u00ab Les couleurs de Jamin \u00bb<\/strong> du 12 mars au 16 avril 2016 dans Galerie Bost, Valence<\/p>\n<hr \/>\n<h6><span style=\"color: #808080;\">La Galerie Bost art contemporain est une r\u00e9f\u00e9rence dans la <a href=\"https:\/\/www.google.de\/maps\/place\/GALERIE+BOST\/@44.9326186,4.8989023,12.99z\/data=!4m5!3m4!1s0x47f559d2b570496d:0x1d71411ad684d2f0!8m2!3d44.9329827!4d4.8908496\">ville de Valence, dans la Dr\u00f4me en France<\/a>.<\/span><\/h6>\n<p>Elle repr\u00e9sente depuis plus de dix ans des <a href=\"https:\/\/galerie-bost.com\/index.php\/portfolio\/\">artistes contemporains<\/a>, jeunes talents ou cr\u00e9ateurs de renom, peintres et sculpteurs. Entre autres, <a href=\"https:\/\/galerie-bost.com\/index.php\/portfolio\/christine-barres\/\">Christine Barr\u00e8s<\/a>, <a href=\"https:\/\/galerie-bost.com\/index.php\/portfolio\/eric-munsch\/\">Eric Munsch<\/a>, <a href=\"https:\/\/galerie-bost.com\/index.php\/portfolio\/david-jamin\/\">David Jamin<\/a> et <a href=\"https:\/\/galerie-bost.com\/index.php\/portfolio\/christian-raffin\/\">Christian Raffin<\/a> comptent parmi les artistes que la galerie Bost art contemporain accompagne dans leur trajectoire artistique. Ces artistes ont en commun une expression contemporaine figurative ou plus abstraite et souvent color\u00e9e du et des mondes qui les entourent et les habitent.<\/p>\n<p>Par le biais d\u2019une exposition permanente d\u2019oeuvres de l\u2019ensemble des artistes repr\u00e9sent\u00e9s par la Galerie Bost art contemporain ainsi que d\u2019<a href=\"https:\/\/galerie-bost.com\/index.php\/les-actualites\/\">expositions individuelles r\u00e9guli\u00e8res<\/a> comme celle de <a href=\"https:\/\/galerie-bost.com\/index.php\/portfolio\/david-jamin\/\">David Jamin<\/a>, <a href=\"https:\/\/galerie-bost.com\/index.php\/portfolio\/christine-barres\/\">Christine Barr\u00e8s<\/a>, <a href=\"https:\/\/galerie-bost.com\/index.php\/portfolio\/christian-raffin\/\">Christian Raffin<\/a> et <a href=\"https:\/\/galerie-bost.com\/index.php\/portfolio\/eric-munsch\/\">Eric Munsch<\/a>, les amateurs d\u2019art pourront ainsi acqu\u00e9rir des tableaux et des sculptures contemporaines, originales et de qualit\u00e9, qui sauront les faire r\u00eaver, penser, colorer et rendre vivant leur int\u00e9rieur. Petits formats et grands formats sont ainsi accessibles \u00e0 la Galerie Bost art contemporain.<\/p>\n<\/div>\n","protected":false},"excerpt":{"rendered":"<p>\u00ab Les couleurs de Jamin \u00bb est une exposition de David Jamin et un \u00e9chantillon des tableaux de l&rsquo;artiste et de son utilisation de la couleur, \u00e0 la Galerie Bost du 12 mars au 16 avril \u00e0 Valence. L\u2019expo hors les murs au golf de St Didier de Charpey se termine ce mois-ci. Mais David [&hellip;]<\/p>\n","protected":false},"author":3,"featured_media":0,"comment_status":"closed","ping_status":"open","sticky":false,"template":"","format":"standard","meta":[],"categories":[5],"tags":[],"yoast_head":"<!-- This site is optimized with the Yoast SEO plugin v17.2 - https:\/\/yoast.com\/wordpress\/plugins\/seo\/ -->\n<title>Exposition David Jamin \u00ab Les couleurs de Jamin \u00bb - Galerie Bost Art Contemporain<\/title>\n<meta name=\"description\" content=\"L&#039;exposition de David Jamin \u00ab Les couleurs de Jamin \u00bb est un \u00e9chantillon des ses tableaux et de son utilisation de la couleur, \u00e0 Valence.\" \/>\n<meta name=\"robots\" content=\"index, follow, max-snippet:-1, max-image-preview:large, max-video-preview:-1\" \/>\n<link rel=\"canonical\" href=\"https:\/\/galerie-bost.com\/index.php\/2016\/03\/05\/exposition-david-jamin-les-couleurs-de-jamin-de-du-12-mars-au-16-avril-2016\/\" \/>\n<meta property=\"og:locale\" content=\"fr_FR\" \/>\n<meta property=\"og:type\" content=\"article\" \/>\n<meta property=\"og:title\" content=\"Exposition David Jamin \u00ab Les couleurs de Jamin \u00bb - Galerie Bost Art Contemporain\" \/>\n<meta property=\"og:description\" content=\"L&#039;exposition de David Jamin \u00ab Les couleurs de Jamin \u00bb est un \u00e9chantillon des ses tableaux et de son utilisation de la couleur, \u00e0 Valence.\" \/>\n<meta property=\"og:url\" content=\"https:\/\/galerie-bost.com\/index.php\/2016\/03\/05\/exposition-david-jamin-les-couleurs-de-jamin-de-du-12-mars-au-16-avril-2016\/\" \/>\n<meta property=\"og:site_name\" content=\"Galerie Bost\" \/>\n<meta property=\"article:published_time\" content=\"2016-03-05T17:39:05+00:00\" \/>\n<meta property=\"article:modified_time\" content=\"2021-11-03T15:18:53+00:00\" \/>\n<meta property=\"og:image\" content=\"https:\/\/galerie-bost.com\/wp-content\/uploads\/2019\/12\/david-jamin-tendres-instants-acrylique-sur-toile-tableau-80x80-cm-294x300.jpg\" \/>\n<meta name=\"twitter:card\" content=\"summary_large_image\" \/>\n<meta name=\"twitter:label1\" content=\"\u00c9crit par\" \/>\n\t<meta name=\"twitter:data1\" content=\"Isabelle Bost\" \/>\n\t<meta name=\"twitter:label2\" content=\"Dur\u00e9e de lecture est.\" \/>\n\t<meta name=\"twitter:data2\" content=\"2 minutes\" \/>\n<script type=\"application\/ld+json\" class=\"yoast-schema-graph\">{\"@context\":\"https:\/\/schema.org\",\"@graph\":[{\"@type\":\"Organization\",\"@id\":\"https:\/\/galerie-bost.com\/#organization\",\"name\":\"Galerie Bost\",\"url\":\"https:\/\/galerie-bost.com\/\",\"sameAs\":[],\"logo\":{\"@type\":\"ImageObject\",\"@id\":\"https:\/\/galerie-bost.com\/#logo\",\"inLanguage\":\"fr-FR\",\"url\":\"https:\/\/galerie-bost.com\/wp-content\/uploads\/2017\/11\/logoBost1.png\",\"contentUrl\":\"https:\/\/galerie-bost.com\/wp-content\/uploads\/2017\/11\/logoBost1.png\",\"width\":280,\"height\":47,\"caption\":\"Galerie Bost\"},\"image\":{\"@id\":\"https:\/\/galerie-bost.com\/#logo\"}},{\"@type\":\"WebSite\",\"@id\":\"https:\/\/galerie-bost.com\/#website\",\"url\":\"https:\/\/galerie-bost.com\/\",\"name\":\"Galerie Bost\",\"description\":\"Galerie d&#039;art contemporain. Toile et d\\u00e9coration\",\"publisher\":{\"@id\":\"https:\/\/galerie-bost.com\/#organization\"},\"potentialAction\":[{\"@type\":\"SearchAction\",\"target\":{\"@type\":\"EntryPoint\",\"urlTemplate\":\"https:\/\/galerie-bost.com\/?s={search_term_string}\"},\"query-input\":\"required name=search_term_string\"}],\"inLanguage\":\"fr-FR\"},{\"@type\":\"ImageObject\",\"@id\":\"https:\/\/galerie-bost.com\/index.php\/2016\/03\/05\/exposition-david-jamin-les-couleurs-de-jamin-de-du-12-mars-au-16-avril-2016\/#primaryimage\",\"inLanguage\":\"fr-FR\",\"url\":\"https:\/\/galerie-bost.com\/wp-content\/uploads\/2019\/12\/david-jamin-tendres-instants-acrylique-sur-toile-tableau-80x80-cm-294x300.jpg\",\"contentUrl\":\"https:\/\/galerie-bost.com\/wp-content\/uploads\/2019\/12\/david-jamin-tendres-instants-acrylique-sur-toile-tableau-80x80-cm-294x300.jpg\"},{\"@type\":\"WebPage\",\"@id\":\"https:\/\/galerie-bost.com\/index.php\/2016\/03\/05\/exposition-david-jamin-les-couleurs-de-jamin-de-du-12-mars-au-16-avril-2016\/#webpage\",\"url\":\"https:\/\/galerie-bost.com\/index.php\/2016\/03\/05\/exposition-david-jamin-les-couleurs-de-jamin-de-du-12-mars-au-16-avril-2016\/\",\"name\":\"Exposition David Jamin \\u00ab Les couleurs de Jamin \\u00bb - Galerie Bost Art Contemporain\",\"isPartOf\":{\"@id\":\"https:\/\/galerie-bost.com\/#website\"},\"primaryImageOfPage\":{\"@id\":\"https:\/\/galerie-bost.com\/index.php\/2016\/03\/05\/exposition-david-jamin-les-couleurs-de-jamin-de-du-12-mars-au-16-avril-2016\/#primaryimage\"},\"datePublished\":\"2016-03-05T17:39:05+00:00\",\"dateModified\":\"2021-11-03T15:18:53+00:00\",\"description\":\"L'exposition de David Jamin \\u00ab Les couleurs de Jamin \\u00bb est un \\u00e9chantillon des ses tableaux et de son utilisation de la couleur, \\u00e0 Valence.\",\"breadcrumb\":{\"@id\":\"https:\/\/galerie-bost.com\/index.php\/2016\/03\/05\/exposition-david-jamin-les-couleurs-de-jamin-de-du-12-mars-au-16-avril-2016\/#breadcrumb\"},\"inLanguage\":\"fr-FR\",\"potentialAction\":[{\"@type\":\"ReadAction\",\"target\":[\"https:\/\/galerie-bost.com\/index.php\/2016\/03\/05\/exposition-david-jamin-les-couleurs-de-jamin-de-du-12-mars-au-16-avril-2016\/\"]}]},{\"@type\":\"BreadcrumbList\",\"@id\":\"https:\/\/galerie-bost.com\/index.php\/2016\/03\/05\/exposition-david-jamin-les-couleurs-de-jamin-de-du-12-mars-au-16-avril-2016\/#breadcrumb\",\"itemListElement\":[{\"@type\":\"ListItem\",\"position\":1,\"name\":\"Exposition David Jamin \\u00ab Les couleurs de Jamin \\u00bb du 12 mars au 16 avril 2016\"}]},{\"@type\":\"Article\",\"@id\":\"https:\/\/galerie-bost.com\/index.php\/2016\/03\/05\/exposition-david-jamin-les-couleurs-de-jamin-de-du-12-mars-au-16-avril-2016\/#article\",\"isPartOf\":{\"@id\":\"https:\/\/galerie-bost.com\/index.php\/2016\/03\/05\/exposition-david-jamin-les-couleurs-de-jamin-de-du-12-mars-au-16-avril-2016\/#webpage\"},\"author\":{\"@id\":\"https:\/\/galerie-bost.com\/#\/schema\/person\/8f53a132d905888ee6a95eff87c6f578\"},\"headline\":\"Exposition David Jamin \\u00ab Les couleurs de Jamin \\u00bb du 12 mars au 16 avril 2016\",\"datePublished\":\"2016-03-05T17:39:05+00:00\",\"dateModified\":\"2021-11-03T15:18:53+00:00\",\"mainEntityOfPage\":{\"@id\":\"https:\/\/galerie-bost.com\/index.php\/2016\/03\/05\/exposition-david-jamin-les-couleurs-de-jamin-de-du-12-mars-au-16-avril-2016\/#webpage\"},\"wordCount\":371,\"publisher\":{\"@id\":\"https:\/\/galerie-bost.com\/#organization\"},\"image\":{\"@id\":\"https:\/\/galerie-bost.com\/index.php\/2016\/03\/05\/exposition-david-jamin-les-couleurs-de-jamin-de-du-12-mars-au-16-avril-2016\/#primaryimage\"},\"thumbnailUrl\":\"https:\/\/galerie-bost.com\/wp-content\/uploads\/2019\/12\/david-jamin-tendres-instants-acrylique-sur-toile-tableau-80x80-cm-294x300.jpg\",\"articleSection\":[\"Les expositions\"],\"inLanguage\":\"fr-FR\"},{\"@type\":\"Person\",\"@id\":\"https:\/\/galerie-bost.com\/#\/schema\/person\/8f53a132d905888ee6a95eff87c6f578\",\"name\":\"Isabelle Bost\",\"image\":{\"@type\":\"ImageObject\",\"@id\":\"https:\/\/galerie-bost.com\/#personlogo\",\"inLanguage\":\"fr-FR\",\"url\":\"https:\/\/secure.gravatar.com\/avatar\/923f969b56f96edcb7b809a86b40ea65?s=96&d=mm&r=g\",\"contentUrl\":\"https:\/\/secure.gravatar.com\/avatar\/923f969b56f96edcb7b809a86b40ea65?s=96&d=mm&r=g\",\"caption\":\"Isabelle Bost\"},\"url\":\"https:\/\/galerie-bost.com\/index.php\/author\/ibost\/\"}]}<\/script>\n<!-- \/ Yoast SEO plugin. -->","yoast_head_json":{"title":"Exposition David Jamin \u00ab Les couleurs de Jamin \u00bb - Galerie Bost Art Contemporain","description":"L'exposition de David Jamin \u00ab Les couleurs de Jamin \u00bb est un \u00e9chantillon des ses tableaux et de son utilisation de la couleur, \u00e0 Valence.","robots":{"index":"index","follow":"follow","max-snippet":"max-snippet:-1","max-image-preview":"max-image-preview:large","max-video-preview":"max-video-preview:-1"},"canonical":"https:\/\/galerie-bost.com\/index.php\/2016\/03\/05\/exposition-david-jamin-les-couleurs-de-jamin-de-du-12-mars-au-16-avril-2016\/","og_locale":"fr_FR","og_type":"article","og_title":"Exposition David Jamin \u00ab Les couleurs de Jamin \u00bb - Galerie Bost Art Contemporain","og_description":"L'exposition de David Jamin \u00ab Les couleurs de Jamin \u00bb est un \u00e9chantillon des ses tableaux et de son utilisation de la couleur, \u00e0 Valence.","og_url":"https:\/\/galerie-bost.com\/index.php\/2016\/03\/05\/exposition-david-jamin-les-couleurs-de-jamin-de-du-12-mars-au-16-avril-2016\/","og_site_name":"Galerie Bost","article_published_time":"2016-03-05T17:39:05+00:00","article_modified_time":"2021-11-03T15:18:53+00:00","og_image":[{"url":"https:\/\/galerie-bost.com\/wp-content\/uploads\/2019\/12\/david-jamin-tendres-instants-acrylique-sur-toile-tableau-80x80-cm-294x300.jpg"}],"twitter_card":"summary_large_image","twitter_misc":{"\u00c9crit par":"Isabelle Bost","Dur\u00e9e de lecture est.":"2 minutes"},"schema":{"@context":"https:\/\/schema.org","@graph":[{"@type":"Organization","@id":"https:\/\/galerie-bost.com\/#organization","name":"Galerie Bost","url":"https:\/\/galerie-bost.com\/","sameAs":[],"logo":{"@type":"ImageObject","@id":"https:\/\/galerie-bost.com\/#logo","inLanguage":"fr-FR","url":"https:\/\/galerie-bost.com\/wp-content\/uploads\/2017\/11\/logoBost1.png","contentUrl":"https:\/\/galerie-bost.com\/wp-content\/uploads\/2017\/11\/logoBost1.png","width":280,"height":47,"caption":"Galerie Bost"},"image":{"@id":"https:\/\/galerie-bost.com\/#logo"}},{"@type":"WebSite","@id":"https:\/\/galerie-bost.com\/#website","url":"https:\/\/galerie-bost.com\/","name":"Galerie Bost","description":"Galerie d&#039;art contemporain. Toile et d\u00e9coration","publisher":{"@id":"https:\/\/galerie-bost.com\/#organization"},"potentialAction":[{"@type":"SearchAction","target":{"@type":"EntryPoint","urlTemplate":"https:\/\/galerie-bost.com\/?s={search_term_string}"},"query-input":"required name=search_term_string"}],"inLanguage":"fr-FR"},{"@type":"ImageObject","@id":"https:\/\/galerie-bost.com\/index.php\/2016\/03\/05\/exposition-david-jamin-les-couleurs-de-jamin-de-du-12-mars-au-16-avril-2016\/#primaryimage","inLanguage":"fr-FR","url":"https:\/\/galerie-bost.com\/wp-content\/uploads\/2019\/12\/david-jamin-tendres-instants-acrylique-sur-toile-tableau-80x80-cm-294x300.jpg","contentUrl":"https:\/\/galerie-bost.com\/wp-content\/uploads\/2019\/12\/david-jamin-tendres-instants-acrylique-sur-toile-tableau-80x80-cm-294x300.jpg"},{"@type":"WebPage","@id":"https:\/\/galerie-bost.com\/index.php\/2016\/03\/05\/exposition-david-jamin-les-couleurs-de-jamin-de-du-12-mars-au-16-avril-2016\/#webpage","url":"https:\/\/galerie-bost.com\/index.php\/2016\/03\/05\/exposition-david-jamin-les-couleurs-de-jamin-de-du-12-mars-au-16-avril-2016\/","name":"Exposition David Jamin \u00ab Les couleurs de Jamin \u00bb - Galerie Bost Art Contemporain","isPartOf":{"@id":"https:\/\/galerie-bost.com\/#website"},"primaryImageOfPage":{"@id":"https:\/\/galerie-bost.com\/index.php\/2016\/03\/05\/exposition-david-jamin-les-couleurs-de-jamin-de-du-12-mars-au-16-avril-2016\/#primaryimage"},"datePublished":"2016-03-05T17:39:05+00:00","dateModified":"2021-11-03T15:18:53+00:00","description":"L'exposition de David Jamin \u00ab Les couleurs de Jamin \u00bb est un \u00e9chantillon des ses tableaux et de son utilisation de la couleur, \u00e0 Valence.","breadcrumb":{"@id":"https:\/\/galerie-bost.com\/index.php\/2016\/03\/05\/exposition-david-jamin-les-couleurs-de-jamin-de-du-12-mars-au-16-avril-2016\/#breadcrumb"},"inLanguage":"fr-FR","potentialAction":[{"@type":"ReadAction","target":["https:\/\/galerie-bost.com\/index.php\/2016\/03\/05\/exposition-david-jamin-les-couleurs-de-jamin-de-du-12-mars-au-16-avril-2016\/"]}]},{"@type":"BreadcrumbList","@id":"https:\/\/galerie-bost.com\/index.php\/2016\/03\/05\/exposition-david-jamin-les-couleurs-de-jamin-de-du-12-mars-au-16-avril-2016\/#breadcrumb","itemListElement":[{"@type":"ListItem","position":1,"name":"Exposition David Jamin \u00ab Les couleurs de Jamin \u00bb du 12 mars au 16 avril 2016"}]},{"@type":"Article","@id":"https:\/\/galerie-bost.com\/index.php\/2016\/03\/05\/exposition-david-jamin-les-couleurs-de-jamin-de-du-12-mars-au-16-avril-2016\/#article","isPartOf":{"@id":"https:\/\/galerie-bost.com\/index.php\/2016\/03\/05\/exposition-david-jamin-les-couleurs-de-jamin-de-du-12-mars-au-16-avril-2016\/#webpage"},"author":{"@id":"https:\/\/galerie-bost.com\/#\/schema\/person\/8f53a132d905888ee6a95eff87c6f578"},"headline":"Exposition David Jamin \u00ab Les couleurs de Jamin \u00bb du 12 mars au 16 avril 2016","datePublished":"2016-03-05T17:39:05+00:00","dateModified":"2021-11-03T15:18:53+00:00","mainEntityOfPage":{"@id":"https:\/\/galerie-bost.com\/index.php\/2016\/03\/05\/exposition-david-jamin-les-couleurs-de-jamin-de-du-12-mars-au-16-avril-2016\/#webpage"},"wordCount":371,"publisher":{"@id":"https:\/\/galerie-bost.com\/#organization"},"image":{"@id":"https:\/\/galerie-bost.com\/index.php\/2016\/03\/05\/exposition-david-jamin-les-couleurs-de-jamin-de-du-12-mars-au-16-avril-2016\/#primaryimage"},"thumbnailUrl":"https:\/\/galerie-bost.com\/wp-content\/uploads\/2019\/12\/david-jamin-tendres-instants-acrylique-sur-toile-tableau-80x80-cm-294x300.jpg","articleSection":["Les expositions"],"inLanguage":"fr-FR"},{"@type":"Person","@id":"https:\/\/galerie-bost.com\/#\/schema\/person\/8f53a132d905888ee6a95eff87c6f578","name":"Isabelle Bost","image":{"@type":"ImageObject","@id":"https:\/\/galerie-bost.com\/#personlogo","inLanguage":"fr-FR","url":"https:\/\/secure.gravatar.com\/avatar\/923f969b56f96edcb7b809a86b40ea65?s=96&d=mm&r=g","contentUrl":"https:\/\/secure.gravatar.com\/avatar\/923f969b56f96edcb7b809a86b40ea65?s=96&d=mm&r=g","caption":"Isabelle Bost"},"url":"https:\/\/galerie-bost.com\/index.php\/author\/ibost\/"}]}},"_links":{"self":[{"href":"https:\/\/galerie-bost.com\/index.php\/wp-json\/wp\/v2\/posts\/952"}],"collection":[{"href":"https:\/\/galerie-bost.com\/index.php\/wp-json\/wp\/v2\/posts"}],"about":[{"href":"https:\/\/galerie-bost.com\/index.php\/wp-json\/wp\/v2\/types\/post"}],"author":[{"embeddable":true,"href":"https:\/\/galerie-bost.com\/index.php\/wp-json\/wp\/v2\/users\/3"}],"replies":[{"embeddable":true,"href":"https:\/\/galerie-bost.com\/index.php\/wp-json\/wp\/v2\/comments?post=952"}],"version-history":[{"count":4,"href":"https:\/\/galerie-bost.com\/index.php\/wp-json\/wp\/v2\/posts\/952\/revisions"}],"predecessor-version":[{"id":11688,"href":"https:\/\/galerie-bost.com\/index.php\/wp-json\/wp\/v2\/posts\/952\/revisions\/11688"}],"wp:attachment":[{"href":"https:\/\/galerie-bost.com\/index.php\/wp-json\/wp\/v2\/media?parent=952"}],"wp:term":[{"taxonomy":"category","embeddable":true,"href":"https:\/\/galerie-bost.com\/index.php\/wp-json\/wp\/v2\/categories?post=952"},{"taxonomy":"post_tag","embeddable":true,"href":"https:\/\/galerie-bost.com\/index.php\/wp-json\/wp\/v2\/tags?post=952"}],"curies":[{"name":"wp","href":"https:\/\/api.w.org\/{rel}","templated":true}]}}