{"id":892,"date":"2015-09-23T13:49:26","date_gmt":"2015-09-23T11:49:26","guid":{"rendered":"https:\/\/galerie-bost.com\/?p=892"},"modified":"2015-09-23T13:49:26","modified_gmt":"2015-09-23T11:49:26","slug":"exposition-colorissimo-de-christine-barres-du-3-au-17-octobre-2015","status":"publish","type":"post","link":"https:\/\/galerie-bost.com\/index.php\/2015\/09\/23\/exposition-colorissimo-de-christine-barres-du-3-au-17-octobre-2015\/","title":{"rendered":"Exposition \u00ab\u00a0Colorissimo\u00a0\u00bb de Christine BARRES du 3 au 17 octobre 2015"},"content":{"rendered":"<p><a href=\"https:\/\/galerie-bost.com\/wp-content\/uploads\/2015\/09\/Invitation-V3.jpg\"><img loading=\"lazy\" class=\"alignnone size-medium wp-image-889\" alt=\"Invitation V3\" src=\"https:\/\/galerie-bost.com\/wp-content\/uploads\/2015\/09\/Invitation-V3-300x212.jpg\" width=\"300\" height=\"212\" \/><\/a><\/p>\n<p>C&rsquo;est avec beaucoup de joie et d&rsquo;\u00e9motion que nous accueillons les nouvelles toiles hautes en couleurs de Christine pour l&rsquo;exposition que nous lui consacrons du 3 au 17 octobre 2015. Portraits, paysages marins,personnages, natures mortes, Christine BARRES manie les couleurs tel un chef d&rsquo;orchestre qui emm\u00e8ne ses musiciens vers l&rsquo;harmonie avec passion, g\u00e9n\u00e9rosit\u00e9 et gourmandise&#8230;<\/p>\n<p>Elle sera parmi nous \u00e0 l&rsquo;occasion du vernissage de l&rsquo;exposition samedi 3 octobre 2015 \u00e0 partir de 18h30.<\/p>\n<p>A tr\u00e8s bient\u00f4t&#8230;<\/p>\n","protected":false},"excerpt":{"rendered":"<p>C&rsquo;est avec beaucoup de joie et d&rsquo;\u00e9motion que nous accueillons les nouvelles toiles hautes en couleurs de Christine pour l&rsquo;exposition que nous lui consacrons du 3 au 17 octobre 2015. Portraits, paysages marins,personnages, natures mortes, Christine BARRES manie les couleurs tel un chef d&rsquo;orchestre qui emm\u00e8ne ses musiciens vers l&rsquo;harmonie avec passion, g\u00e9n\u00e9rosit\u00e9 et gourmandise&#8230; [&hellip;]<\/p>\n","protected":false},"author":3,"featured_media":0,"comment_status":"closed","ping_status":"open","sticky":false,"template":"","format":"standard","meta":[],"categories":[6],"tags":[],"yoast_head":"<!-- This site is optimized with the Yoast SEO plugin v17.2 - https:\/\/yoast.com\/wordpress\/plugins\/seo\/ -->\n<title>Exposition &quot;Colorissimo&quot; de Christine BARRES du 3 au 17 octobre 2015 - Galerie Bost Art Contemporain<\/title>\n<meta name=\"robots\" content=\"index, follow, max-snippet:-1, max-image-preview:large, max-video-preview:-1\" \/>\n<link rel=\"canonical\" href=\"https:\/\/galerie-bost.com\/index.php\/2015\/09\/23\/exposition-colorissimo-de-christine-barres-du-3-au-17-octobre-2015\/\" \/>\n<meta property=\"og:locale\" content=\"fr_FR\" \/>\n<meta property=\"og:type\" content=\"article\" \/>\n<meta property=\"og:title\" content=\"Exposition &quot;Colorissimo&quot; de Christine BARRES du 3 au 17 octobre 2015 - Galerie Bost Art Contemporain\" \/>\n<meta property=\"og:description\" content=\"C&rsquo;est avec beaucoup de joie et d&rsquo;\u00e9motion que nous accueillons les nouvelles toiles hautes en couleurs de Christine pour l&rsquo;exposition que nous lui consacrons du 3 au 17 octobre 2015. Portraits, paysages marins,personnages, natures mortes, Christine BARRES manie les couleurs tel un chef d&rsquo;orchestre qui emm\u00e8ne ses musiciens vers l&rsquo;harmonie avec passion, g\u00e9n\u00e9rosit\u00e9 et gourmandise&#8230; [&hellip;]\" \/>\n<meta property=\"og:url\" content=\"https:\/\/galerie-bost.com\/index.php\/2015\/09\/23\/exposition-colorissimo-de-christine-barres-du-3-au-17-octobre-2015\/\" \/>\n<meta property=\"og:site_name\" content=\"Galerie Bost\" \/>\n<meta property=\"article:published_time\" content=\"2015-09-23T11:49:26+00:00\" \/>\n<meta property=\"og:image\" content=\"https:\/\/galerie-bost.com\/wp-content\/uploads\/2015\/09\/Invitation-V3-300x212.jpg\" \/>\n<meta name=\"twitter:card\" content=\"summary_large_image\" \/>\n<meta name=\"twitter:label1\" content=\"\u00c9crit par\" \/>\n\t<meta name=\"twitter:data1\" content=\"Isabelle Bost\" \/>\n<script type=\"application\/ld+json\" class=\"yoast-schema-graph\">{\"@context\":\"https:\/\/schema.org\",\"@graph\":[{\"@type\":\"Organization\",\"@id\":\"https:\/\/galerie-bost.com\/#organization\",\"name\":\"Galerie Bost\",\"url\":\"https:\/\/galerie-bost.com\/\",\"sameAs\":[],\"logo\":{\"@type\":\"ImageObject\",\"@id\":\"https:\/\/galerie-bost.com\/#logo\",\"inLanguage\":\"fr-FR\",\"url\":\"https:\/\/galerie-bost.com\/wp-content\/uploads\/2017\/11\/logoBost1.png\",\"contentUrl\":\"https:\/\/galerie-bost.com\/wp-content\/uploads\/2017\/11\/logoBost1.png\",\"width\":280,\"height\":47,\"caption\":\"Galerie Bost\"},\"image\":{\"@id\":\"https:\/\/galerie-bost.com\/#logo\"}},{\"@type\":\"WebSite\",\"@id\":\"https:\/\/galerie-bost.com\/#website\",\"url\":\"https:\/\/galerie-bost.com\/\",\"name\":\"Galerie Bost\",\"description\":\"Galerie d&#039;art contemporain. Toile et d\\u00e9coration\",\"publisher\":{\"@id\":\"https:\/\/galerie-bost.com\/#organization\"},\"potentialAction\":[{\"@type\":\"SearchAction\",\"target\":{\"@type\":\"EntryPoint\",\"urlTemplate\":\"https:\/\/galerie-bost.com\/?s={search_term_string}\"},\"query-input\":\"required name=search_term_string\"}],\"inLanguage\":\"fr-FR\"},{\"@type\":\"ImageObject\",\"@id\":\"https:\/\/galerie-bost.com\/index.php\/2015\/09\/23\/exposition-colorissimo-de-christine-barres-du-3-au-17-octobre-2015\/#primaryimage\",\"inLanguage\":\"fr-FR\",\"url\":\"https:\/\/galerie-bost.com\/wp-content\/uploads\/2015\/09\/Invitation-V3-300x212.jpg\",\"contentUrl\":\"https:\/\/galerie-bost.com\/wp-content\/uploads\/2015\/09\/Invitation-V3-300x212.jpg\"},{\"@type\":\"WebPage\",\"@id\":\"https:\/\/galerie-bost.com\/index.php\/2015\/09\/23\/exposition-colorissimo-de-christine-barres-du-3-au-17-octobre-2015\/#webpage\",\"url\":\"https:\/\/galerie-bost.com\/index.php\/2015\/09\/23\/exposition-colorissimo-de-christine-barres-du-3-au-17-octobre-2015\/\",\"name\":\"Exposition \\\"Colorissimo\\\" de Christine BARRES du 3 au 17 octobre 2015 - Galerie Bost Art Contemporain\",\"isPartOf\":{\"@id\":\"https:\/\/galerie-bost.com\/#website\"},\"primaryImageOfPage\":{\"@id\":\"https:\/\/galerie-bost.com\/index.php\/2015\/09\/23\/exposition-colorissimo-de-christine-barres-du-3-au-17-octobre-2015\/#primaryimage\"},\"datePublished\":\"2015-09-23T11:49:26+00:00\",\"dateModified\":\"2015-09-23T11:49:26+00:00\",\"breadcrumb\":{\"@id\":\"https:\/\/galerie-bost.com\/index.php\/2015\/09\/23\/exposition-colorissimo-de-christine-barres-du-3-au-17-octobre-2015\/#breadcrumb\"},\"inLanguage\":\"fr-FR\",\"potentialAction\":[{\"@type\":\"ReadAction\",\"target\":[\"https:\/\/galerie-bost.com\/index.php\/2015\/09\/23\/exposition-colorissimo-de-christine-barres-du-3-au-17-octobre-2015\/\"]}]},{\"@type\":\"BreadcrumbList\",\"@id\":\"https:\/\/galerie-bost.com\/index.php\/2015\/09\/23\/exposition-colorissimo-de-christine-barres-du-3-au-17-octobre-2015\/#breadcrumb\",\"itemListElement\":[{\"@type\":\"ListItem\",\"position\":1,\"name\":\"Exposition \\u00ab\\u00a0Colorissimo\\u00a0\\u00bb de Christine BARRES du 3 au 17 octobre 2015\"}]},{\"@type\":\"Article\",\"@id\":\"https:\/\/galerie-bost.com\/index.php\/2015\/09\/23\/exposition-colorissimo-de-christine-barres-du-3-au-17-octobre-2015\/#article\",\"isPartOf\":{\"@id\":\"https:\/\/galerie-bost.com\/index.php\/2015\/09\/23\/exposition-colorissimo-de-christine-barres-du-3-au-17-octobre-2015\/#webpage\"},\"author\":{\"@id\":\"https:\/\/galerie-bost.com\/#\/schema\/person\/8f53a132d905888ee6a95eff87c6f578\"},\"headline\":\"Exposition \\u00ab\\u00a0Colorissimo\\u00a0\\u00bb de Christine BARRES du 3 au 17 octobre 2015\",\"datePublished\":\"2015-09-23T11:49:26+00:00\",\"dateModified\":\"2015-09-23T11:49:26+00:00\",\"mainEntityOfPage\":{\"@id\":\"https:\/\/galerie-bost.com\/index.php\/2015\/09\/23\/exposition-colorissimo-de-christine-barres-du-3-au-17-octobre-2015\/#webpage\"},\"wordCount\":84,\"publisher\":{\"@id\":\"https:\/\/galerie-bost.com\/#organization\"},\"image\":{\"@id\":\"https:\/\/galerie-bost.com\/index.php\/2015\/09\/23\/exposition-colorissimo-de-christine-barres-du-3-au-17-octobre-2015\/#primaryimage\"},\"thumbnailUrl\":\"https:\/\/galerie-bost.com\/wp-content\/uploads\/2015\/09\/Invitation-V3-300x212.jpg\",\"articleSection\":[\"Uncategorized\"],\"inLanguage\":\"fr-FR\"},{\"@type\":\"Person\",\"@id\":\"https:\/\/galerie-bost.com\/#\/schema\/person\/8f53a132d905888ee6a95eff87c6f578\",\"name\":\"Isabelle Bost\",\"image\":{\"@type\":\"ImageObject\",\"@id\":\"https:\/\/galerie-bost.com\/#personlogo\",\"inLanguage\":\"fr-FR\",\"url\":\"https:\/\/secure.gravatar.com\/avatar\/923f969b56f96edcb7b809a86b40ea65?s=96&d=mm&r=g\",\"contentUrl\":\"https:\/\/secure.gravatar.com\/avatar\/923f969b56f96edcb7b809a86b40ea65?s=96&d=mm&r=g\",\"caption\":\"Isabelle Bost\"},\"url\":\"https:\/\/galerie-bost.com\/index.php\/author\/ibost\/\"}]}<\/script>\n<!-- \/ Yoast SEO plugin. -->","yoast_head_json":{"title":"Exposition \"Colorissimo\" de Christine BARRES du 3 au 17 octobre 2015 - Galerie Bost Art Contemporain","robots":{"index":"index","follow":"follow","max-snippet":"max-snippet:-1","max-image-preview":"max-image-preview:large","max-video-preview":"max-video-preview:-1"},"canonical":"https:\/\/galerie-bost.com\/index.php\/2015\/09\/23\/exposition-colorissimo-de-christine-barres-du-3-au-17-octobre-2015\/","og_locale":"fr_FR","og_type":"article","og_title":"Exposition \"Colorissimo\" de Christine BARRES du 3 au 17 octobre 2015 - Galerie Bost Art Contemporain","og_description":"C&rsquo;est avec beaucoup de joie et d&rsquo;\u00e9motion que nous accueillons les nouvelles toiles hautes en couleurs de Christine pour l&rsquo;exposition que nous lui consacrons du 3 au 17 octobre 2015. Portraits, paysages marins,personnages, natures mortes, Christine BARRES manie les couleurs tel un chef d&rsquo;orchestre qui emm\u00e8ne ses musiciens vers l&rsquo;harmonie avec passion, g\u00e9n\u00e9rosit\u00e9 et gourmandise&#8230; [&hellip;]","og_url":"https:\/\/galerie-bost.com\/index.php\/2015\/09\/23\/exposition-colorissimo-de-christine-barres-du-3-au-17-octobre-2015\/","og_site_name":"Galerie Bost","article_published_time":"2015-09-23T11:49:26+00:00","og_image":[{"url":"https:\/\/galerie-bost.com\/wp-content\/uploads\/2015\/09\/Invitation-V3-300x212.jpg"}],"twitter_card":"summary_large_image","twitter_misc":{"\u00c9crit par":"Isabelle Bost"},"schema":{"@context":"https:\/\/schema.org","@graph":[{"@type":"Organization","@id":"https:\/\/galerie-bost.com\/#organization","name":"Galerie Bost","url":"https:\/\/galerie-bost.com\/","sameAs":[],"logo":{"@type":"ImageObject","@id":"https:\/\/galerie-bost.com\/#logo","inLanguage":"fr-FR","url":"https:\/\/galerie-bost.com\/wp-content\/uploads\/2017\/11\/logoBost1.png","contentUrl":"https:\/\/galerie-bost.com\/wp-content\/uploads\/2017\/11\/logoBost1.png","width":280,"height":47,"caption":"Galerie Bost"},"image":{"@id":"https:\/\/galerie-bost.com\/#logo"}},{"@type":"WebSite","@id":"https:\/\/galerie-bost.com\/#website","url":"https:\/\/galerie-bost.com\/","name":"Galerie Bost","description":"Galerie d&#039;art contemporain. Toile et d\u00e9coration","publisher":{"@id":"https:\/\/galerie-bost.com\/#organization"},"potentialAction":[{"@type":"SearchAction","target":{"@type":"EntryPoint","urlTemplate":"https:\/\/galerie-bost.com\/?s={search_term_string}"},"query-input":"required name=search_term_string"}],"inLanguage":"fr-FR"},{"@type":"ImageObject","@id":"https:\/\/galerie-bost.com\/index.php\/2015\/09\/23\/exposition-colorissimo-de-christine-barres-du-3-au-17-octobre-2015\/#primaryimage","inLanguage":"fr-FR","url":"https:\/\/galerie-bost.com\/wp-content\/uploads\/2015\/09\/Invitation-V3-300x212.jpg","contentUrl":"https:\/\/galerie-bost.com\/wp-content\/uploads\/2015\/09\/Invitation-V3-300x212.jpg"},{"@type":"WebPage","@id":"https:\/\/galerie-bost.com\/index.php\/2015\/09\/23\/exposition-colorissimo-de-christine-barres-du-3-au-17-octobre-2015\/#webpage","url":"https:\/\/galerie-bost.com\/index.php\/2015\/09\/23\/exposition-colorissimo-de-christine-barres-du-3-au-17-octobre-2015\/","name":"Exposition \"Colorissimo\" de Christine BARRES du 3 au 17 octobre 2015 - Galerie Bost Art Contemporain","isPartOf":{"@id":"https:\/\/galerie-bost.com\/#website"},"primaryImageOfPage":{"@id":"https:\/\/galerie-bost.com\/index.php\/2015\/09\/23\/exposition-colorissimo-de-christine-barres-du-3-au-17-octobre-2015\/#primaryimage"},"datePublished":"2015-09-23T11:49:26+00:00","dateModified":"2015-09-23T11:49:26+00:00","breadcrumb":{"@id":"https:\/\/galerie-bost.com\/index.php\/2015\/09\/23\/exposition-colorissimo-de-christine-barres-du-3-au-17-octobre-2015\/#breadcrumb"},"inLanguage":"fr-FR","potentialAction":[{"@type":"ReadAction","target":["https:\/\/galerie-bost.com\/index.php\/2015\/09\/23\/exposition-colorissimo-de-christine-barres-du-3-au-17-octobre-2015\/"]}]},{"@type":"BreadcrumbList","@id":"https:\/\/galerie-bost.com\/index.php\/2015\/09\/23\/exposition-colorissimo-de-christine-barres-du-3-au-17-octobre-2015\/#breadcrumb","itemListElement":[{"@type":"ListItem","position":1,"name":"Exposition \u00ab\u00a0Colorissimo\u00a0\u00bb de Christine BARRES du 3 au 17 octobre 2015"}]},{"@type":"Article","@id":"https:\/\/galerie-bost.com\/index.php\/2015\/09\/23\/exposition-colorissimo-de-christine-barres-du-3-au-17-octobre-2015\/#article","isPartOf":{"@id":"https:\/\/galerie-bost.com\/index.php\/2015\/09\/23\/exposition-colorissimo-de-christine-barres-du-3-au-17-octobre-2015\/#webpage"},"author":{"@id":"https:\/\/galerie-bost.com\/#\/schema\/person\/8f53a132d905888ee6a95eff87c6f578"},"headline":"Exposition \u00ab\u00a0Colorissimo\u00a0\u00bb de Christine BARRES du 3 au 17 octobre 2015","datePublished":"2015-09-23T11:49:26+00:00","dateModified":"2015-09-23T11:49:26+00:00","mainEntityOfPage":{"@id":"https:\/\/galerie-bost.com\/index.php\/2015\/09\/23\/exposition-colorissimo-de-christine-barres-du-3-au-17-octobre-2015\/#webpage"},"wordCount":84,"publisher":{"@id":"https:\/\/galerie-bost.com\/#organization"},"image":{"@id":"https:\/\/galerie-bost.com\/index.php\/2015\/09\/23\/exposition-colorissimo-de-christine-barres-du-3-au-17-octobre-2015\/#primaryimage"},"thumbnailUrl":"https:\/\/galerie-bost.com\/wp-content\/uploads\/2015\/09\/Invitation-V3-300x212.jpg","articleSection":["Uncategorized"],"inLanguage":"fr-FR"},{"@type":"Person","@id":"https:\/\/galerie-bost.com\/#\/schema\/person\/8f53a132d905888ee6a95eff87c6f578","name":"Isabelle Bost","image":{"@type":"ImageObject","@id":"https:\/\/galerie-bost.com\/#personlogo","inLanguage":"fr-FR","url":"https:\/\/secure.gravatar.com\/avatar\/923f969b56f96edcb7b809a86b40ea65?s=96&d=mm&r=g","contentUrl":"https:\/\/secure.gravatar.com\/avatar\/923f969b56f96edcb7b809a86b40ea65?s=96&d=mm&r=g","caption":"Isabelle Bost"},"url":"https:\/\/galerie-bost.com\/index.php\/author\/ibost\/"}]}},"_links":{"self":[{"href":"https:\/\/galerie-bost.com\/index.php\/wp-json\/wp\/v2\/posts\/892"}],"collection":[{"href":"https:\/\/galerie-bost.com\/index.php\/wp-json\/wp\/v2\/posts"}],"about":[{"href":"https:\/\/galerie-bost.com\/index.php\/wp-json\/wp\/v2\/types\/post"}],"author":[{"embeddable":true,"href":"https:\/\/galerie-bost.com\/index.php\/wp-json\/wp\/v2\/users\/3"}],"replies":[{"embeddable":true,"href":"https:\/\/galerie-bost.com\/index.php\/wp-json\/wp\/v2\/comments?post=892"}],"version-history":[{"count":0,"href":"https:\/\/galerie-bost.com\/index.php\/wp-json\/wp\/v2\/posts\/892\/revisions"}],"wp:attachment":[{"href":"https:\/\/galerie-bost.com\/index.php\/wp-json\/wp\/v2\/media?parent=892"}],"wp:term":[{"taxonomy":"category","embeddable":true,"href":"https:\/\/galerie-bost.com\/index.php\/wp-json\/wp\/v2\/categories?post=892"},{"taxonomy":"post_tag","embeddable":true,"href":"https:\/\/galerie-bost.com\/index.php\/wp-json\/wp\/v2\/tags?post=892"}],"curies":[{"name":"wp","href":"https:\/\/api.w.org\/{rel}","templated":true}]}}