{"id":882,"date":"2015-08-22T11:23:09","date_gmt":"2015-08-22T09:23:09","guid":{"rendered":"https:\/\/galerie-bost.com\/?p=882"},"modified":"2015-08-22T11:23:09","modified_gmt":"2015-08-22T09:23:09","slug":"exposition-on-the-road-martine-pinsolle-du-12-au-30-septembre-2015","status":"publish","type":"post","link":"https:\/\/galerie-bost.com\/index.php\/2015\/08\/22\/exposition-on-the-road-martine-pinsolle-du-12-au-30-septembre-2015\/","title":{"rendered":"Exposition \u00ab\u00a0on the road&#8230;\u00a0\u00bb Martine PINSOLLE du 12 au 30 septembre 2015"},"content":{"rendered":"<p><a href=\"https:\/\/galerie-bost.com\/wp-content\/uploads\/2015\/08\/affiche_v22_0-page1.jpg\"><img loading=\"lazy\" class=\"alignnone size-medium wp-image-885\" alt=\"affiche_v22_0-page1\" src=\"https:\/\/galerie-bost.com\/wp-content\/uploads\/2015\/08\/affiche_v22_0-page1-212x300.jpg\" width=\"212\" height=\"300\" \/><\/a>Martine PINSOLLE nous a enchant\u00e9s tout l&rsquo;\u00e9t\u00e9 avec ses baln\u00e9aires mais c&rsquo;est sur le th\u00e8me de la route qu&rsquo;une exposition personnelle lui est consacr\u00e9e du 12 au 30 septembre 2015.<\/p>\n<p>Paysages routiers,\u00a0 nature \u00e0 proximit\u00e9 des axes de circulation, Martine PINSOLLE nous emm\u00e8ne en voyage&#8230; mais toujours avec cette id\u00e9e apaisante des \u00e9tendues aquatiques \u00e0 travers sa peinture d\u00e9licate et pr\u00e9cise.<\/p>\n<p>Cette exposition est aussi l&rsquo;occasion de d\u00e9couvrir ses modelages : travail sur le corps qu&rsquo;elle affectionne particuli\u00e8rement en peinture et qu&rsquo;elle explore\u00a0\u00e9galement\u00a0avec beaucoup de talent par ce contact direct avec la mati\u00e8re.<\/p>\n<p>Vernissage samedi 12 septembre 2015 \u00e0 partir de 18h30 en pr\u00e9sence de l&rsquo;artiste.<\/p>\n<p>&nbsp;<\/p>\n<p>&nbsp;<\/p>\n","protected":false},"excerpt":{"rendered":"<p>Martine PINSOLLE nous a enchant\u00e9s tout l&rsquo;\u00e9t\u00e9 avec ses baln\u00e9aires mais c&rsquo;est sur le th\u00e8me de la route qu&rsquo;une exposition personnelle lui est consacr\u00e9e du 12 au 30 septembre 2015. Paysages routiers,\u00a0 nature \u00e0 proximit\u00e9 des axes de circulation, Martine PINSOLLE nous emm\u00e8ne en voyage&#8230; mais toujours avec cette id\u00e9e apaisante des \u00e9tendues aquatiques \u00e0 [&hellip;]<\/p>\n","protected":false},"author":3,"featured_media":0,"comment_status":"closed","ping_status":"open","sticky":false,"template":"","format":"standard","meta":[],"categories":[2,3,5],"tags":[],"yoast_head":"<!-- This site is optimized with the Yoast SEO plugin v17.2 - https:\/\/yoast.com\/wordpress\/plugins\/seo\/ -->\n<title>Exposition &quot;on the road...&quot; Martine PINSOLLE du 12 au 30 septembre 2015 - Galerie Bost Art Contemporain<\/title>\n<meta name=\"robots\" content=\"index, follow, max-snippet:-1, max-image-preview:large, max-video-preview:-1\" \/>\n<link rel=\"canonical\" href=\"https:\/\/galerie-bost.com\/index.php\/2015\/08\/22\/exposition-on-the-road-martine-pinsolle-du-12-au-30-septembre-2015\/\" \/>\n<meta property=\"og:locale\" content=\"fr_FR\" \/>\n<meta property=\"og:type\" content=\"article\" \/>\n<meta property=\"og:title\" content=\"Exposition &quot;on the road...&quot; Martine PINSOLLE du 12 au 30 septembre 2015 - Galerie Bost Art Contemporain\" \/>\n<meta property=\"og:description\" content=\"Martine PINSOLLE nous a enchant\u00e9s tout l&rsquo;\u00e9t\u00e9 avec ses baln\u00e9aires mais c&rsquo;est sur le th\u00e8me de la route qu&rsquo;une exposition personnelle lui est consacr\u00e9e du 12 au 30 septembre 2015. Paysages routiers,\u00a0 nature \u00e0 proximit\u00e9 des axes de circulation, Martine PINSOLLE nous emm\u00e8ne en voyage&#8230; mais toujours avec cette id\u00e9e apaisante des \u00e9tendues aquatiques \u00e0 [&hellip;]\" \/>\n<meta property=\"og:url\" content=\"https:\/\/galerie-bost.com\/index.php\/2015\/08\/22\/exposition-on-the-road-martine-pinsolle-du-12-au-30-septembre-2015\/\" \/>\n<meta property=\"og:site_name\" content=\"Galerie Bost\" \/>\n<meta property=\"article:published_time\" content=\"2015-08-22T09:23:09+00:00\" \/>\n<meta property=\"og:image\" content=\"https:\/\/galerie-bost.com\/wp-content\/uploads\/2015\/08\/affiche_v22_0-page1-212x300.jpg\" \/>\n<meta name=\"twitter:card\" content=\"summary_large_image\" \/>\n<meta name=\"twitter:label1\" content=\"\u00c9crit par\" \/>\n\t<meta name=\"twitter:data1\" content=\"Isabelle Bost\" \/>\n\t<meta name=\"twitter:label2\" content=\"Dur\u00e9e de lecture est.\" \/>\n\t<meta name=\"twitter:data2\" content=\"1 minute\" \/>\n<script type=\"application\/ld+json\" class=\"yoast-schema-graph\">{\"@context\":\"https:\/\/schema.org\",\"@graph\":[{\"@type\":\"Organization\",\"@id\":\"https:\/\/galerie-bost.com\/#organization\",\"name\":\"Galerie Bost\",\"url\":\"https:\/\/galerie-bost.com\/\",\"sameAs\":[],\"logo\":{\"@type\":\"ImageObject\",\"@id\":\"https:\/\/galerie-bost.com\/#logo\",\"inLanguage\":\"fr-FR\",\"url\":\"https:\/\/galerie-bost.com\/wp-content\/uploads\/2017\/11\/logoBost1.png\",\"contentUrl\":\"https:\/\/galerie-bost.com\/wp-content\/uploads\/2017\/11\/logoBost1.png\",\"width\":280,\"height\":47,\"caption\":\"Galerie Bost\"},\"image\":{\"@id\":\"https:\/\/galerie-bost.com\/#logo\"}},{\"@type\":\"WebSite\",\"@id\":\"https:\/\/galerie-bost.com\/#website\",\"url\":\"https:\/\/galerie-bost.com\/\",\"name\":\"Galerie Bost\",\"description\":\"Galerie d&#039;art contemporain. Toile et d\\u00e9coration\",\"publisher\":{\"@id\":\"https:\/\/galerie-bost.com\/#organization\"},\"potentialAction\":[{\"@type\":\"SearchAction\",\"target\":{\"@type\":\"EntryPoint\",\"urlTemplate\":\"https:\/\/galerie-bost.com\/?s={search_term_string}\"},\"query-input\":\"required name=search_term_string\"}],\"inLanguage\":\"fr-FR\"},{\"@type\":\"ImageObject\",\"@id\":\"https:\/\/galerie-bost.com\/index.php\/2015\/08\/22\/exposition-on-the-road-martine-pinsolle-du-12-au-30-septembre-2015\/#primaryimage\",\"inLanguage\":\"fr-FR\",\"url\":\"https:\/\/galerie-bost.com\/wp-content\/uploads\/2015\/08\/affiche_v22_0-page1-212x300.jpg\",\"contentUrl\":\"https:\/\/galerie-bost.com\/wp-content\/uploads\/2015\/08\/affiche_v22_0-page1-212x300.jpg\"},{\"@type\":\"WebPage\",\"@id\":\"https:\/\/galerie-bost.com\/index.php\/2015\/08\/22\/exposition-on-the-road-martine-pinsolle-du-12-au-30-septembre-2015\/#webpage\",\"url\":\"https:\/\/galerie-bost.com\/index.php\/2015\/08\/22\/exposition-on-the-road-martine-pinsolle-du-12-au-30-septembre-2015\/\",\"name\":\"Exposition \\\"on the road...\\\" Martine PINSOLLE du 12 au 30 septembre 2015 - Galerie Bost Art Contemporain\",\"isPartOf\":{\"@id\":\"https:\/\/galerie-bost.com\/#website\"},\"primaryImageOfPage\":{\"@id\":\"https:\/\/galerie-bost.com\/index.php\/2015\/08\/22\/exposition-on-the-road-martine-pinsolle-du-12-au-30-septembre-2015\/#primaryimage\"},\"datePublished\":\"2015-08-22T09:23:09+00:00\",\"dateModified\":\"2015-08-22T09:23:09+00:00\",\"breadcrumb\":{\"@id\":\"https:\/\/galerie-bost.com\/index.php\/2015\/08\/22\/exposition-on-the-road-martine-pinsolle-du-12-au-30-septembre-2015\/#breadcrumb\"},\"inLanguage\":\"fr-FR\",\"potentialAction\":[{\"@type\":\"ReadAction\",\"target\":[\"https:\/\/galerie-bost.com\/index.php\/2015\/08\/22\/exposition-on-the-road-martine-pinsolle-du-12-au-30-septembre-2015\/\"]}]},{\"@type\":\"BreadcrumbList\",\"@id\":\"https:\/\/galerie-bost.com\/index.php\/2015\/08\/22\/exposition-on-the-road-martine-pinsolle-du-12-au-30-septembre-2015\/#breadcrumb\",\"itemListElement\":[{\"@type\":\"ListItem\",\"position\":1,\"name\":\"Exposition \\u00ab\\u00a0on the road&#8230;\\u00a0\\u00bb Martine PINSOLLE du 12 au 30 septembre 2015\"}]},{\"@type\":\"Article\",\"@id\":\"https:\/\/galerie-bost.com\/index.php\/2015\/08\/22\/exposition-on-the-road-martine-pinsolle-du-12-au-30-septembre-2015\/#article\",\"isPartOf\":{\"@id\":\"https:\/\/galerie-bost.com\/index.php\/2015\/08\/22\/exposition-on-the-road-martine-pinsolle-du-12-au-30-septembre-2015\/#webpage\"},\"author\":{\"@id\":\"https:\/\/galerie-bost.com\/#\/schema\/person\/8f53a132d905888ee6a95eff87c6f578\"},\"headline\":\"Exposition \\u00ab\\u00a0on the road&#8230;\\u00a0\\u00bb Martine PINSOLLE du 12 au 30 septembre 2015\",\"datePublished\":\"2015-08-22T09:23:09+00:00\",\"dateModified\":\"2015-08-22T09:23:09+00:00\",\"mainEntityOfPage\":{\"@id\":\"https:\/\/galerie-bost.com\/index.php\/2015\/08\/22\/exposition-on-the-road-martine-pinsolle-du-12-au-30-septembre-2015\/#webpage\"},\"wordCount\":123,\"publisher\":{\"@id\":\"https:\/\/galerie-bost.com\/#organization\"},\"image\":{\"@id\":\"https:\/\/galerie-bost.com\/index.php\/2015\/08\/22\/exposition-on-the-road-martine-pinsolle-du-12-au-30-septembre-2015\/#primaryimage\"},\"thumbnailUrl\":\"https:\/\/galerie-bost.com\/wp-content\/uploads\/2015\/08\/affiche_v22_0-page1-212x300.jpg\",\"articleSection\":[\"A venir\",\"En cours\",\"Les expositions\"],\"inLanguage\":\"fr-FR\"},{\"@type\":\"Person\",\"@id\":\"https:\/\/galerie-bost.com\/#\/schema\/person\/8f53a132d905888ee6a95eff87c6f578\",\"name\":\"Isabelle Bost\",\"image\":{\"@type\":\"ImageObject\",\"@id\":\"https:\/\/galerie-bost.com\/#personlogo\",\"inLanguage\":\"fr-FR\",\"url\":\"https:\/\/secure.gravatar.com\/avatar\/923f969b56f96edcb7b809a86b40ea65?s=96&d=mm&r=g\",\"contentUrl\":\"https:\/\/secure.gravatar.com\/avatar\/923f969b56f96edcb7b809a86b40ea65?s=96&d=mm&r=g\",\"caption\":\"Isabelle Bost\"},\"url\":\"https:\/\/galerie-bost.com\/index.php\/author\/ibost\/\"}]}<\/script>\n<!-- \/ Yoast SEO plugin. -->","yoast_head_json":{"title":"Exposition \"on the road...\" Martine PINSOLLE du 12 au 30 septembre 2015 - Galerie Bost Art Contemporain","robots":{"index":"index","follow":"follow","max-snippet":"max-snippet:-1","max-image-preview":"max-image-preview:large","max-video-preview":"max-video-preview:-1"},"canonical":"https:\/\/galerie-bost.com\/index.php\/2015\/08\/22\/exposition-on-the-road-martine-pinsolle-du-12-au-30-septembre-2015\/","og_locale":"fr_FR","og_type":"article","og_title":"Exposition \"on the road...\" Martine PINSOLLE du 12 au 30 septembre 2015 - Galerie Bost Art Contemporain","og_description":"Martine PINSOLLE nous a enchant\u00e9s tout l&rsquo;\u00e9t\u00e9 avec ses baln\u00e9aires mais c&rsquo;est sur le th\u00e8me de la route qu&rsquo;une exposition personnelle lui est consacr\u00e9e du 12 au 30 septembre 2015. Paysages routiers,\u00a0 nature \u00e0 proximit\u00e9 des axes de circulation, Martine PINSOLLE nous emm\u00e8ne en voyage&#8230; mais toujours avec cette id\u00e9e apaisante des \u00e9tendues aquatiques \u00e0 [&hellip;]","og_url":"https:\/\/galerie-bost.com\/index.php\/2015\/08\/22\/exposition-on-the-road-martine-pinsolle-du-12-au-30-septembre-2015\/","og_site_name":"Galerie Bost","article_published_time":"2015-08-22T09:23:09+00:00","og_image":[{"url":"https:\/\/galerie-bost.com\/wp-content\/uploads\/2015\/08\/affiche_v22_0-page1-212x300.jpg"}],"twitter_card":"summary_large_image","twitter_misc":{"\u00c9crit par":"Isabelle Bost","Dur\u00e9e de lecture est.":"1 minute"},"schema":{"@context":"https:\/\/schema.org","@graph":[{"@type":"Organization","@id":"https:\/\/galerie-bost.com\/#organization","name":"Galerie Bost","url":"https:\/\/galerie-bost.com\/","sameAs":[],"logo":{"@type":"ImageObject","@id":"https:\/\/galerie-bost.com\/#logo","inLanguage":"fr-FR","url":"https:\/\/galerie-bost.com\/wp-content\/uploads\/2017\/11\/logoBost1.png","contentUrl":"https:\/\/galerie-bost.com\/wp-content\/uploads\/2017\/11\/logoBost1.png","width":280,"height":47,"caption":"Galerie Bost"},"image":{"@id":"https:\/\/galerie-bost.com\/#logo"}},{"@type":"WebSite","@id":"https:\/\/galerie-bost.com\/#website","url":"https:\/\/galerie-bost.com\/","name":"Galerie Bost","description":"Galerie d&#039;art contemporain. Toile et d\u00e9coration","publisher":{"@id":"https:\/\/galerie-bost.com\/#organization"},"potentialAction":[{"@type":"SearchAction","target":{"@type":"EntryPoint","urlTemplate":"https:\/\/galerie-bost.com\/?s={search_term_string}"},"query-input":"required name=search_term_string"}],"inLanguage":"fr-FR"},{"@type":"ImageObject","@id":"https:\/\/galerie-bost.com\/index.php\/2015\/08\/22\/exposition-on-the-road-martine-pinsolle-du-12-au-30-septembre-2015\/#primaryimage","inLanguage":"fr-FR","url":"https:\/\/galerie-bost.com\/wp-content\/uploads\/2015\/08\/affiche_v22_0-page1-212x300.jpg","contentUrl":"https:\/\/galerie-bost.com\/wp-content\/uploads\/2015\/08\/affiche_v22_0-page1-212x300.jpg"},{"@type":"WebPage","@id":"https:\/\/galerie-bost.com\/index.php\/2015\/08\/22\/exposition-on-the-road-martine-pinsolle-du-12-au-30-septembre-2015\/#webpage","url":"https:\/\/galerie-bost.com\/index.php\/2015\/08\/22\/exposition-on-the-road-martine-pinsolle-du-12-au-30-septembre-2015\/","name":"Exposition \"on the road...\" Martine PINSOLLE du 12 au 30 septembre 2015 - Galerie Bost Art Contemporain","isPartOf":{"@id":"https:\/\/galerie-bost.com\/#website"},"primaryImageOfPage":{"@id":"https:\/\/galerie-bost.com\/index.php\/2015\/08\/22\/exposition-on-the-road-martine-pinsolle-du-12-au-30-septembre-2015\/#primaryimage"},"datePublished":"2015-08-22T09:23:09+00:00","dateModified":"2015-08-22T09:23:09+00:00","breadcrumb":{"@id":"https:\/\/galerie-bost.com\/index.php\/2015\/08\/22\/exposition-on-the-road-martine-pinsolle-du-12-au-30-septembre-2015\/#breadcrumb"},"inLanguage":"fr-FR","potentialAction":[{"@type":"ReadAction","target":["https:\/\/galerie-bost.com\/index.php\/2015\/08\/22\/exposition-on-the-road-martine-pinsolle-du-12-au-30-septembre-2015\/"]}]},{"@type":"BreadcrumbList","@id":"https:\/\/galerie-bost.com\/index.php\/2015\/08\/22\/exposition-on-the-road-martine-pinsolle-du-12-au-30-septembre-2015\/#breadcrumb","itemListElement":[{"@type":"ListItem","position":1,"name":"Exposition \u00ab\u00a0on the road&#8230;\u00a0\u00bb Martine PINSOLLE du 12 au 30 septembre 2015"}]},{"@type":"Article","@id":"https:\/\/galerie-bost.com\/index.php\/2015\/08\/22\/exposition-on-the-road-martine-pinsolle-du-12-au-30-septembre-2015\/#article","isPartOf":{"@id":"https:\/\/galerie-bost.com\/index.php\/2015\/08\/22\/exposition-on-the-road-martine-pinsolle-du-12-au-30-septembre-2015\/#webpage"},"author":{"@id":"https:\/\/galerie-bost.com\/#\/schema\/person\/8f53a132d905888ee6a95eff87c6f578"},"headline":"Exposition \u00ab\u00a0on the road&#8230;\u00a0\u00bb Martine PINSOLLE du 12 au 30 septembre 2015","datePublished":"2015-08-22T09:23:09+00:00","dateModified":"2015-08-22T09:23:09+00:00","mainEntityOfPage":{"@id":"https:\/\/galerie-bost.com\/index.php\/2015\/08\/22\/exposition-on-the-road-martine-pinsolle-du-12-au-30-septembre-2015\/#webpage"},"wordCount":123,"publisher":{"@id":"https:\/\/galerie-bost.com\/#organization"},"image":{"@id":"https:\/\/galerie-bost.com\/index.php\/2015\/08\/22\/exposition-on-the-road-martine-pinsolle-du-12-au-30-septembre-2015\/#primaryimage"},"thumbnailUrl":"https:\/\/galerie-bost.com\/wp-content\/uploads\/2015\/08\/affiche_v22_0-page1-212x300.jpg","articleSection":["A venir","En cours","Les expositions"],"inLanguage":"fr-FR"},{"@type":"Person","@id":"https:\/\/galerie-bost.com\/#\/schema\/person\/8f53a132d905888ee6a95eff87c6f578","name":"Isabelle Bost","image":{"@type":"ImageObject","@id":"https:\/\/galerie-bost.com\/#personlogo","inLanguage":"fr-FR","url":"https:\/\/secure.gravatar.com\/avatar\/923f969b56f96edcb7b809a86b40ea65?s=96&d=mm&r=g","contentUrl":"https:\/\/secure.gravatar.com\/avatar\/923f969b56f96edcb7b809a86b40ea65?s=96&d=mm&r=g","caption":"Isabelle Bost"},"url":"https:\/\/galerie-bost.com\/index.php\/author\/ibost\/"}]}},"_links":{"self":[{"href":"https:\/\/galerie-bost.com\/index.php\/wp-json\/wp\/v2\/posts\/882"}],"collection":[{"href":"https:\/\/galerie-bost.com\/index.php\/wp-json\/wp\/v2\/posts"}],"about":[{"href":"https:\/\/galerie-bost.com\/index.php\/wp-json\/wp\/v2\/types\/post"}],"author":[{"embeddable":true,"href":"https:\/\/galerie-bost.com\/index.php\/wp-json\/wp\/v2\/users\/3"}],"replies":[{"embeddable":true,"href":"https:\/\/galerie-bost.com\/index.php\/wp-json\/wp\/v2\/comments?post=882"}],"version-history":[{"count":0,"href":"https:\/\/galerie-bost.com\/index.php\/wp-json\/wp\/v2\/posts\/882\/revisions"}],"wp:attachment":[{"href":"https:\/\/galerie-bost.com\/index.php\/wp-json\/wp\/v2\/media?parent=882"}],"wp:term":[{"taxonomy":"category","embeddable":true,"href":"https:\/\/galerie-bost.com\/index.php\/wp-json\/wp\/v2\/categories?post=882"},{"taxonomy":"post_tag","embeddable":true,"href":"https:\/\/galerie-bost.com\/index.php\/wp-json\/wp\/v2\/tags?post=882"}],"curies":[{"name":"wp","href":"https:\/\/api.w.org\/{rel}","templated":true}]}}