{"id":804,"date":"2015-03-07T11:44:30","date_gmt":"2015-03-07T10:44:30","guid":{"rendered":"https:\/\/galerie-bost.com\/?p=804"},"modified":"2015-03-07T11:44:30","modified_gmt":"2015-03-07T10:44:30","slug":"exposition-c-leg-dolorem-ipsum-du-21-mars-2015-au-4-avril-2015","status":"publish","type":"post","link":"https:\/\/galerie-bost.com\/index.php\/2015\/03\/07\/exposition-c-leg-dolorem-ipsum-du-21-mars-2015-au-4-avril-2015\/","title":{"rendered":"Exposition C. Leg &#8211; Dolorem Ipsum du 21 mars 2015 au 4 avril 2015"},"content":{"rendered":"<p>Bienvenue \u00e0 C. Leg qui int\u00e8gre officiellement la galerie samedi 21 mars 2015 pour une exposition intitul\u00e9e<em> Dolorem Ipsum<\/em>.<\/p>\n<p>Apr\u00e8s un long travail de peinture informelle, expos\u00e9 en France, en Italie, en Belgique, en Espagne, au Portugal, au Maroc, au Japon&#8230; C.leg, dans une approche figurative, empreinte de clair-obscur, \u00a0poursuit son travail autour de la question de la forme et du fond. Question qui, bien que de tout temps au c\u0153ur de la probl\u00e9matique artistique, est aujourd\u2019hui exacerb\u00e9e par nos soci\u00e9t\u00e9s cliniques et esth\u00e9tiques, obnubil\u00e9es par l\u2019apparente n\u00e9cessit\u00e9 de pr\u00e9sentation, de packaging, du visible au d\u00e9pend du\u00a0 sensible.<\/p>\n<p><i>\u00a0<\/i>Fin de l&rsquo;exposition samedi 4 avril 2015.<\/p>\n<p>&nbsp;<\/p>\n<p><a href=\"https:\/\/galerie-bost.com\/wp-content\/uploads\/2015\/03\/Affiche-pour-site-internet.jpg\">\u00a0<\/a><\/p>\n","protected":false},"excerpt":{"rendered":"<p>Bienvenue \u00e0 C. Leg qui int\u00e8gre officiellement la galerie samedi 21 mars 2015 pour une exposition intitul\u00e9e Dolorem Ipsum. Apr\u00e8s un long travail de peinture informelle, expos\u00e9 en France, en Italie, en Belgique, en Espagne, au Portugal, au Maroc, au Japon&#8230; C.leg, dans une approche figurative, empreinte de clair-obscur, \u00a0poursuit son travail autour de la [&hellip;]<\/p>\n","protected":false},"author":3,"featured_media":0,"comment_status":"closed","ping_status":"open","sticky":false,"template":"","format":"standard","meta":[],"categories":[2,5],"tags":[],"yoast_head":"<!-- This site is optimized with the Yoast SEO plugin v17.2 - https:\/\/yoast.com\/wordpress\/plugins\/seo\/ -->\n<title>Exposition C. Leg - Dolorem Ipsum du 21 mars 2015 au 4 avril 2015 - Galerie Bost Art Contemporain<\/title>\n<meta name=\"robots\" content=\"index, follow, max-snippet:-1, max-image-preview:large, max-video-preview:-1\" \/>\n<link rel=\"canonical\" href=\"https:\/\/galerie-bost.com\/index.php\/2015\/03\/07\/exposition-c-leg-dolorem-ipsum-du-21-mars-2015-au-4-avril-2015\/\" \/>\n<meta property=\"og:locale\" content=\"fr_FR\" \/>\n<meta property=\"og:type\" content=\"article\" \/>\n<meta property=\"og:title\" content=\"Exposition C. Leg - Dolorem Ipsum du 21 mars 2015 au 4 avril 2015 - Galerie Bost Art Contemporain\" \/>\n<meta property=\"og:description\" content=\"Bienvenue \u00e0 C. Leg qui int\u00e8gre officiellement la galerie samedi 21 mars 2015 pour une exposition intitul\u00e9e Dolorem Ipsum. Apr\u00e8s un long travail de peinture informelle, expos\u00e9 en France, en Italie, en Belgique, en Espagne, au Portugal, au Maroc, au Japon&#8230; C.leg, dans une approche figurative, empreinte de clair-obscur, \u00a0poursuit son travail autour de la [&hellip;]\" \/>\n<meta property=\"og:url\" content=\"https:\/\/galerie-bost.com\/index.php\/2015\/03\/07\/exposition-c-leg-dolorem-ipsum-du-21-mars-2015-au-4-avril-2015\/\" \/>\n<meta property=\"og:site_name\" content=\"Galerie Bost\" \/>\n<meta property=\"article:published_time\" content=\"2015-03-07T10:44:30+00:00\" \/>\n<meta name=\"twitter:card\" content=\"summary_large_image\" \/>\n<meta name=\"twitter:label1\" content=\"\u00c9crit par\" \/>\n\t<meta name=\"twitter:data1\" content=\"Isabelle Bost\" \/>\n\t<meta name=\"twitter:label2\" content=\"Dur\u00e9e de lecture est.\" \/>\n\t<meta name=\"twitter:data2\" content=\"1 minute\" \/>\n<script type=\"application\/ld+json\" class=\"yoast-schema-graph\">{\"@context\":\"https:\/\/schema.org\",\"@graph\":[{\"@type\":\"Organization\",\"@id\":\"https:\/\/galerie-bost.com\/#organization\",\"name\":\"Galerie Bost\",\"url\":\"https:\/\/galerie-bost.com\/\",\"sameAs\":[],\"logo\":{\"@type\":\"ImageObject\",\"@id\":\"https:\/\/galerie-bost.com\/#logo\",\"inLanguage\":\"fr-FR\",\"url\":\"https:\/\/galerie-bost.com\/wp-content\/uploads\/2017\/11\/logoBost1.png\",\"contentUrl\":\"https:\/\/galerie-bost.com\/wp-content\/uploads\/2017\/11\/logoBost1.png\",\"width\":280,\"height\":47,\"caption\":\"Galerie Bost\"},\"image\":{\"@id\":\"https:\/\/galerie-bost.com\/#logo\"}},{\"@type\":\"WebSite\",\"@id\":\"https:\/\/galerie-bost.com\/#website\",\"url\":\"https:\/\/galerie-bost.com\/\",\"name\":\"Galerie Bost\",\"description\":\"Galerie d&#039;art contemporain. Toile et d\\u00e9coration\",\"publisher\":{\"@id\":\"https:\/\/galerie-bost.com\/#organization\"},\"potentialAction\":[{\"@type\":\"SearchAction\",\"target\":{\"@type\":\"EntryPoint\",\"urlTemplate\":\"https:\/\/galerie-bost.com\/?s={search_term_string}\"},\"query-input\":\"required name=search_term_string\"}],\"inLanguage\":\"fr-FR\"},{\"@type\":\"WebPage\",\"@id\":\"https:\/\/galerie-bost.com\/index.php\/2015\/03\/07\/exposition-c-leg-dolorem-ipsum-du-21-mars-2015-au-4-avril-2015\/#webpage\",\"url\":\"https:\/\/galerie-bost.com\/index.php\/2015\/03\/07\/exposition-c-leg-dolorem-ipsum-du-21-mars-2015-au-4-avril-2015\/\",\"name\":\"Exposition C. Leg - Dolorem Ipsum du 21 mars 2015 au 4 avril 2015 - Galerie Bost Art Contemporain\",\"isPartOf\":{\"@id\":\"https:\/\/galerie-bost.com\/#website\"},\"datePublished\":\"2015-03-07T10:44:30+00:00\",\"dateModified\":\"2015-03-07T10:44:30+00:00\",\"breadcrumb\":{\"@id\":\"https:\/\/galerie-bost.com\/index.php\/2015\/03\/07\/exposition-c-leg-dolorem-ipsum-du-21-mars-2015-au-4-avril-2015\/#breadcrumb\"},\"inLanguage\":\"fr-FR\",\"potentialAction\":[{\"@type\":\"ReadAction\",\"target\":[\"https:\/\/galerie-bost.com\/index.php\/2015\/03\/07\/exposition-c-leg-dolorem-ipsum-du-21-mars-2015-au-4-avril-2015\/\"]}]},{\"@type\":\"BreadcrumbList\",\"@id\":\"https:\/\/galerie-bost.com\/index.php\/2015\/03\/07\/exposition-c-leg-dolorem-ipsum-du-21-mars-2015-au-4-avril-2015\/#breadcrumb\",\"itemListElement\":[{\"@type\":\"ListItem\",\"position\":1,\"name\":\"Exposition C. Leg &#8211; Dolorem Ipsum du 21 mars 2015 au 4 avril 2015\"}]},{\"@type\":\"Article\",\"@id\":\"https:\/\/galerie-bost.com\/index.php\/2015\/03\/07\/exposition-c-leg-dolorem-ipsum-du-21-mars-2015-au-4-avril-2015\/#article\",\"isPartOf\":{\"@id\":\"https:\/\/galerie-bost.com\/index.php\/2015\/03\/07\/exposition-c-leg-dolorem-ipsum-du-21-mars-2015-au-4-avril-2015\/#webpage\"},\"author\":{\"@id\":\"https:\/\/galerie-bost.com\/#\/schema\/person\/8f53a132d905888ee6a95eff87c6f578\"},\"headline\":\"Exposition C. Leg &#8211; Dolorem Ipsum du 21 mars 2015 au 4 avril 2015\",\"datePublished\":\"2015-03-07T10:44:30+00:00\",\"dateModified\":\"2015-03-07T10:44:30+00:00\",\"mainEntityOfPage\":{\"@id\":\"https:\/\/galerie-bost.com\/index.php\/2015\/03\/07\/exposition-c-leg-dolorem-ipsum-du-21-mars-2015-au-4-avril-2015\/#webpage\"},\"wordCount\":127,\"publisher\":{\"@id\":\"https:\/\/galerie-bost.com\/#organization\"},\"articleSection\":[\"A venir\",\"Les expositions\"],\"inLanguage\":\"fr-FR\"},{\"@type\":\"Person\",\"@id\":\"https:\/\/galerie-bost.com\/#\/schema\/person\/8f53a132d905888ee6a95eff87c6f578\",\"name\":\"Isabelle Bost\",\"image\":{\"@type\":\"ImageObject\",\"@id\":\"https:\/\/galerie-bost.com\/#personlogo\",\"inLanguage\":\"fr-FR\",\"url\":\"https:\/\/secure.gravatar.com\/avatar\/923f969b56f96edcb7b809a86b40ea65?s=96&d=mm&r=g\",\"contentUrl\":\"https:\/\/secure.gravatar.com\/avatar\/923f969b56f96edcb7b809a86b40ea65?s=96&d=mm&r=g\",\"caption\":\"Isabelle Bost\"},\"url\":\"https:\/\/galerie-bost.com\/index.php\/author\/ibost\/\"}]}<\/script>\n<!-- \/ Yoast SEO plugin. -->","yoast_head_json":{"title":"Exposition C. Leg - Dolorem Ipsum du 21 mars 2015 au 4 avril 2015 - Galerie Bost Art Contemporain","robots":{"index":"index","follow":"follow","max-snippet":"max-snippet:-1","max-image-preview":"max-image-preview:large","max-video-preview":"max-video-preview:-1"},"canonical":"https:\/\/galerie-bost.com\/index.php\/2015\/03\/07\/exposition-c-leg-dolorem-ipsum-du-21-mars-2015-au-4-avril-2015\/","og_locale":"fr_FR","og_type":"article","og_title":"Exposition C. Leg - Dolorem Ipsum du 21 mars 2015 au 4 avril 2015 - Galerie Bost Art Contemporain","og_description":"Bienvenue \u00e0 C. Leg qui int\u00e8gre officiellement la galerie samedi 21 mars 2015 pour une exposition intitul\u00e9e Dolorem Ipsum. Apr\u00e8s un long travail de peinture informelle, expos\u00e9 en France, en Italie, en Belgique, en Espagne, au Portugal, au Maroc, au Japon&#8230; C.leg, dans une approche figurative, empreinte de clair-obscur, \u00a0poursuit son travail autour de la [&hellip;]","og_url":"https:\/\/galerie-bost.com\/index.php\/2015\/03\/07\/exposition-c-leg-dolorem-ipsum-du-21-mars-2015-au-4-avril-2015\/","og_site_name":"Galerie Bost","article_published_time":"2015-03-07T10:44:30+00:00","twitter_card":"summary_large_image","twitter_misc":{"\u00c9crit par":"Isabelle Bost","Dur\u00e9e de lecture est.":"1 minute"},"schema":{"@context":"https:\/\/schema.org","@graph":[{"@type":"Organization","@id":"https:\/\/galerie-bost.com\/#organization","name":"Galerie Bost","url":"https:\/\/galerie-bost.com\/","sameAs":[],"logo":{"@type":"ImageObject","@id":"https:\/\/galerie-bost.com\/#logo","inLanguage":"fr-FR","url":"https:\/\/galerie-bost.com\/wp-content\/uploads\/2017\/11\/logoBost1.png","contentUrl":"https:\/\/galerie-bost.com\/wp-content\/uploads\/2017\/11\/logoBost1.png","width":280,"height":47,"caption":"Galerie Bost"},"image":{"@id":"https:\/\/galerie-bost.com\/#logo"}},{"@type":"WebSite","@id":"https:\/\/galerie-bost.com\/#website","url":"https:\/\/galerie-bost.com\/","name":"Galerie Bost","description":"Galerie d&#039;art contemporain. Toile et d\u00e9coration","publisher":{"@id":"https:\/\/galerie-bost.com\/#organization"},"potentialAction":[{"@type":"SearchAction","target":{"@type":"EntryPoint","urlTemplate":"https:\/\/galerie-bost.com\/?s={search_term_string}"},"query-input":"required name=search_term_string"}],"inLanguage":"fr-FR"},{"@type":"WebPage","@id":"https:\/\/galerie-bost.com\/index.php\/2015\/03\/07\/exposition-c-leg-dolorem-ipsum-du-21-mars-2015-au-4-avril-2015\/#webpage","url":"https:\/\/galerie-bost.com\/index.php\/2015\/03\/07\/exposition-c-leg-dolorem-ipsum-du-21-mars-2015-au-4-avril-2015\/","name":"Exposition C. Leg - Dolorem Ipsum du 21 mars 2015 au 4 avril 2015 - Galerie Bost Art Contemporain","isPartOf":{"@id":"https:\/\/galerie-bost.com\/#website"},"datePublished":"2015-03-07T10:44:30+00:00","dateModified":"2015-03-07T10:44:30+00:00","breadcrumb":{"@id":"https:\/\/galerie-bost.com\/index.php\/2015\/03\/07\/exposition-c-leg-dolorem-ipsum-du-21-mars-2015-au-4-avril-2015\/#breadcrumb"},"inLanguage":"fr-FR","potentialAction":[{"@type":"ReadAction","target":["https:\/\/galerie-bost.com\/index.php\/2015\/03\/07\/exposition-c-leg-dolorem-ipsum-du-21-mars-2015-au-4-avril-2015\/"]}]},{"@type":"BreadcrumbList","@id":"https:\/\/galerie-bost.com\/index.php\/2015\/03\/07\/exposition-c-leg-dolorem-ipsum-du-21-mars-2015-au-4-avril-2015\/#breadcrumb","itemListElement":[{"@type":"ListItem","position":1,"name":"Exposition C. Leg &#8211; Dolorem Ipsum du 21 mars 2015 au 4 avril 2015"}]},{"@type":"Article","@id":"https:\/\/galerie-bost.com\/index.php\/2015\/03\/07\/exposition-c-leg-dolorem-ipsum-du-21-mars-2015-au-4-avril-2015\/#article","isPartOf":{"@id":"https:\/\/galerie-bost.com\/index.php\/2015\/03\/07\/exposition-c-leg-dolorem-ipsum-du-21-mars-2015-au-4-avril-2015\/#webpage"},"author":{"@id":"https:\/\/galerie-bost.com\/#\/schema\/person\/8f53a132d905888ee6a95eff87c6f578"},"headline":"Exposition C. Leg &#8211; Dolorem Ipsum du 21 mars 2015 au 4 avril 2015","datePublished":"2015-03-07T10:44:30+00:00","dateModified":"2015-03-07T10:44:30+00:00","mainEntityOfPage":{"@id":"https:\/\/galerie-bost.com\/index.php\/2015\/03\/07\/exposition-c-leg-dolorem-ipsum-du-21-mars-2015-au-4-avril-2015\/#webpage"},"wordCount":127,"publisher":{"@id":"https:\/\/galerie-bost.com\/#organization"},"articleSection":["A venir","Les expositions"],"inLanguage":"fr-FR"},{"@type":"Person","@id":"https:\/\/galerie-bost.com\/#\/schema\/person\/8f53a132d905888ee6a95eff87c6f578","name":"Isabelle Bost","image":{"@type":"ImageObject","@id":"https:\/\/galerie-bost.com\/#personlogo","inLanguage":"fr-FR","url":"https:\/\/secure.gravatar.com\/avatar\/923f969b56f96edcb7b809a86b40ea65?s=96&d=mm&r=g","contentUrl":"https:\/\/secure.gravatar.com\/avatar\/923f969b56f96edcb7b809a86b40ea65?s=96&d=mm&r=g","caption":"Isabelle Bost"},"url":"https:\/\/galerie-bost.com\/index.php\/author\/ibost\/"}]}},"_links":{"self":[{"href":"https:\/\/galerie-bost.com\/index.php\/wp-json\/wp\/v2\/posts\/804"}],"collection":[{"href":"https:\/\/galerie-bost.com\/index.php\/wp-json\/wp\/v2\/posts"}],"about":[{"href":"https:\/\/galerie-bost.com\/index.php\/wp-json\/wp\/v2\/types\/post"}],"author":[{"embeddable":true,"href":"https:\/\/galerie-bost.com\/index.php\/wp-json\/wp\/v2\/users\/3"}],"replies":[{"embeddable":true,"href":"https:\/\/galerie-bost.com\/index.php\/wp-json\/wp\/v2\/comments?post=804"}],"version-history":[{"count":0,"href":"https:\/\/galerie-bost.com\/index.php\/wp-json\/wp\/v2\/posts\/804\/revisions"}],"wp:attachment":[{"href":"https:\/\/galerie-bost.com\/index.php\/wp-json\/wp\/v2\/media?parent=804"}],"wp:term":[{"taxonomy":"category","embeddable":true,"href":"https:\/\/galerie-bost.com\/index.php\/wp-json\/wp\/v2\/categories?post=804"},{"taxonomy":"post_tag","embeddable":true,"href":"https:\/\/galerie-bost.com\/index.php\/wp-json\/wp\/v2\/tags?post=804"}],"curies":[{"name":"wp","href":"https:\/\/api.w.org\/{rel}","templated":true}]}}