{"id":800,"date":"2015-02-20T17:37:19","date_gmt":"2015-02-20T16:37:19","guid":{"rendered":"https:\/\/galerie-bost.com\/?p=800"},"modified":"2015-02-20T17:37:19","modified_gmt":"2015-02-20T16:37:19","slug":"exposition-elisabeth-besnier-le-golf-dans-tous-ses-etats","status":"publish","type":"post","link":"https:\/\/galerie-bost.com\/index.php\/2015\/02\/20\/exposition-elisabeth-besnier-le-golf-dans-tous-ses-etats\/","title":{"rendered":"Exposition Elisabeth BESNIER \u00ab\u00a0Le Golf dans tous ses \u00e9tats !\u00a0\u00bb"},"content":{"rendered":"<p>C&rsquo;est au Golf de Valence \u00e0 St Didier de Charpey que les toiles d&rsquo;Elisabeth BESNIER sur le th\u00e8me du Golf sont visibles jusqu&rsquo;au 15 mars 2015.<\/p>\n<p>Le vernissage a lieu vendredi 27 f\u00e9vrier 2015 \u00e0 partir de 18h30. en pr\u00e9sence de l&rsquo;artiste.<\/p>\n<p>En juillet 2014, Elisabeth BESNIER se rend sur le golf de St Didier de Charpey, appareil photo \u00e0 la main et des questions plein la t\u00eate.<\/p>\n<p>Sur place, elle interroge, photographie, filme. De retour chez elle, elle compile les informations, fait des recherches compl\u00e9mentaires et finit par s&rsquo;installer, couteau en main devant le chevalet.<\/p>\n<p>Le r\u00e9sultat ?\u00a0 Une dizaine de toiles dont une r\u00e9alis\u00e9e sur place un week end d&rsquo;ao\u00fbt 2014, des sc\u00e8nes de golf avec de la couleur, du mouvement, de l&rsquo;\u00e9motion, de la complicit\u00e9 !<\/p>\n<p>Formidable !!!<\/p>\n<p>&nbsp;<\/p>\n<p>&nbsp;<\/p>\n","protected":false},"excerpt":{"rendered":"<p>C&rsquo;est au Golf de Valence \u00e0 St Didier de Charpey que les toiles d&rsquo;Elisabeth BESNIER sur le th\u00e8me du Golf sont visibles jusqu&rsquo;au 15 mars 2015. Le vernissage a lieu vendredi 27 f\u00e9vrier 2015 \u00e0 partir de 18h30. en pr\u00e9sence de l&rsquo;artiste. En juillet 2014, Elisabeth BESNIER se rend sur le golf de St Didier [&hellip;]<\/p>\n","protected":false},"author":3,"featured_media":798,"comment_status":"closed","ping_status":"open","sticky":false,"template":"","format":"standard","meta":[],"categories":[5],"tags":[],"yoast_head":"<!-- This site is optimized with the Yoast SEO plugin v17.2 - https:\/\/yoast.com\/wordpress\/plugins\/seo\/ -->\n<title>Exposition Elisabeth BESNIER &quot;Le Golf dans tous ses \u00e9tats !&quot; - Galerie Bost Art Contemporain<\/title>\n<meta name=\"robots\" content=\"index, follow, max-snippet:-1, max-image-preview:large, max-video-preview:-1\" \/>\n<link rel=\"canonical\" href=\"https:\/\/galerie-bost.com\/index.php\/2015\/02\/20\/exposition-elisabeth-besnier-le-golf-dans-tous-ses-etats\/\" \/>\n<meta property=\"og:locale\" content=\"fr_FR\" \/>\n<meta property=\"og:type\" content=\"article\" \/>\n<meta property=\"og:title\" content=\"Exposition Elisabeth BESNIER &quot;Le Golf dans tous ses \u00e9tats !&quot; - Galerie Bost Art Contemporain\" \/>\n<meta property=\"og:description\" content=\"C&rsquo;est au Golf de Valence \u00e0 St Didier de Charpey que les toiles d&rsquo;Elisabeth BESNIER sur le th\u00e8me du Golf sont visibles jusqu&rsquo;au 15 mars 2015. Le vernissage a lieu vendredi 27 f\u00e9vrier 2015 \u00e0 partir de 18h30. en pr\u00e9sence de l&rsquo;artiste. En juillet 2014, Elisabeth BESNIER se rend sur le golf de St Didier [&hellip;]\" \/>\n<meta property=\"og:url\" content=\"https:\/\/galerie-bost.com\/index.php\/2015\/02\/20\/exposition-elisabeth-besnier-le-golf-dans-tous-ses-etats\/\" \/>\n<meta property=\"og:site_name\" content=\"Galerie Bost\" \/>\n<meta property=\"article:published_time\" content=\"2015-02-20T16:37:19+00:00\" \/>\n<meta name=\"twitter:card\" content=\"summary_large_image\" \/>\n<meta name=\"twitter:label1\" content=\"\u00c9crit par\" \/>\n\t<meta name=\"twitter:data1\" content=\"Isabelle Bost\" \/>\n\t<meta name=\"twitter:label2\" content=\"Dur\u00e9e de lecture est.\" \/>\n\t<meta name=\"twitter:data2\" content=\"1 minute\" \/>\n<script type=\"application\/ld+json\" class=\"yoast-schema-graph\">{\"@context\":\"https:\/\/schema.org\",\"@graph\":[{\"@type\":\"Organization\",\"@id\":\"https:\/\/galerie-bost.com\/#organization\",\"name\":\"Galerie Bost\",\"url\":\"https:\/\/galerie-bost.com\/\",\"sameAs\":[],\"logo\":{\"@type\":\"ImageObject\",\"@id\":\"https:\/\/galerie-bost.com\/#logo\",\"inLanguage\":\"fr-FR\",\"url\":\"https:\/\/galerie-bost.com\/wp-content\/uploads\/2017\/11\/logoBost1.png\",\"contentUrl\":\"https:\/\/galerie-bost.com\/wp-content\/uploads\/2017\/11\/logoBost1.png\",\"width\":280,\"height\":47,\"caption\":\"Galerie Bost\"},\"image\":{\"@id\":\"https:\/\/galerie-bost.com\/#logo\"}},{\"@type\":\"WebSite\",\"@id\":\"https:\/\/galerie-bost.com\/#website\",\"url\":\"https:\/\/galerie-bost.com\/\",\"name\":\"Galerie Bost\",\"description\":\"Galerie d&#039;art contemporain. Toile et d\\u00e9coration\",\"publisher\":{\"@id\":\"https:\/\/galerie-bost.com\/#organization\"},\"potentialAction\":[{\"@type\":\"SearchAction\",\"target\":{\"@type\":\"EntryPoint\",\"urlTemplate\":\"https:\/\/galerie-bost.com\/?s={search_term_string}\"},\"query-input\":\"required name=search_term_string\"}],\"inLanguage\":\"fr-FR\"},{\"@type\":\"ImageObject\",\"@id\":\"https:\/\/galerie-bost.com\/index.php\/2015\/02\/20\/exposition-elisabeth-besnier-le-golf-dans-tous-ses-etats\/#primaryimage\",\"inLanguage\":\"fr-FR\",\"url\":\"\",\"contentUrl\":\"\"},{\"@type\":\"WebPage\",\"@id\":\"https:\/\/galerie-bost.com\/index.php\/2015\/02\/20\/exposition-elisabeth-besnier-le-golf-dans-tous-ses-etats\/#webpage\",\"url\":\"https:\/\/galerie-bost.com\/index.php\/2015\/02\/20\/exposition-elisabeth-besnier-le-golf-dans-tous-ses-etats\/\",\"name\":\"Exposition Elisabeth BESNIER \\\"Le Golf dans tous ses \\u00e9tats !\\\" - Galerie Bost Art Contemporain\",\"isPartOf\":{\"@id\":\"https:\/\/galerie-bost.com\/#website\"},\"primaryImageOfPage\":{\"@id\":\"https:\/\/galerie-bost.com\/index.php\/2015\/02\/20\/exposition-elisabeth-besnier-le-golf-dans-tous-ses-etats\/#primaryimage\"},\"datePublished\":\"2015-02-20T16:37:19+00:00\",\"dateModified\":\"2015-02-20T16:37:19+00:00\",\"breadcrumb\":{\"@id\":\"https:\/\/galerie-bost.com\/index.php\/2015\/02\/20\/exposition-elisabeth-besnier-le-golf-dans-tous-ses-etats\/#breadcrumb\"},\"inLanguage\":\"fr-FR\",\"potentialAction\":[{\"@type\":\"ReadAction\",\"target\":[\"https:\/\/galerie-bost.com\/index.php\/2015\/02\/20\/exposition-elisabeth-besnier-le-golf-dans-tous-ses-etats\/\"]}]},{\"@type\":\"BreadcrumbList\",\"@id\":\"https:\/\/galerie-bost.com\/index.php\/2015\/02\/20\/exposition-elisabeth-besnier-le-golf-dans-tous-ses-etats\/#breadcrumb\",\"itemListElement\":[{\"@type\":\"ListItem\",\"position\":1,\"name\":\"Exposition Elisabeth BESNIER \\u00ab\\u00a0Le Golf dans tous ses \\u00e9tats !\\u00a0\\u00bb\"}]},{\"@type\":\"Article\",\"@id\":\"https:\/\/galerie-bost.com\/index.php\/2015\/02\/20\/exposition-elisabeth-besnier-le-golf-dans-tous-ses-etats\/#article\",\"isPartOf\":{\"@id\":\"https:\/\/galerie-bost.com\/index.php\/2015\/02\/20\/exposition-elisabeth-besnier-le-golf-dans-tous-ses-etats\/#webpage\"},\"author\":{\"@id\":\"https:\/\/galerie-bost.com\/#\/schema\/person\/8f53a132d905888ee6a95eff87c6f578\"},\"headline\":\"Exposition Elisabeth BESNIER \\u00ab\\u00a0Le Golf dans tous ses \\u00e9tats !\\u00a0\\u00bb\",\"datePublished\":\"2015-02-20T16:37:19+00:00\",\"dateModified\":\"2015-02-20T16:37:19+00:00\",\"mainEntityOfPage\":{\"@id\":\"https:\/\/galerie-bost.com\/index.php\/2015\/02\/20\/exposition-elisabeth-besnier-le-golf-dans-tous-ses-etats\/#webpage\"},\"wordCount\":141,\"publisher\":{\"@id\":\"https:\/\/galerie-bost.com\/#organization\"},\"image\":{\"@id\":\"https:\/\/galerie-bost.com\/index.php\/2015\/02\/20\/exposition-elisabeth-besnier-le-golf-dans-tous-ses-etats\/#primaryimage\"},\"thumbnailUrl\":\"\",\"articleSection\":[\"Les expositions\"],\"inLanguage\":\"fr-FR\"},{\"@type\":\"Person\",\"@id\":\"https:\/\/galerie-bost.com\/#\/schema\/person\/8f53a132d905888ee6a95eff87c6f578\",\"name\":\"Isabelle Bost\",\"image\":{\"@type\":\"ImageObject\",\"@id\":\"https:\/\/galerie-bost.com\/#personlogo\",\"inLanguage\":\"fr-FR\",\"url\":\"https:\/\/secure.gravatar.com\/avatar\/923f969b56f96edcb7b809a86b40ea65?s=96&d=mm&r=g\",\"contentUrl\":\"https:\/\/secure.gravatar.com\/avatar\/923f969b56f96edcb7b809a86b40ea65?s=96&d=mm&r=g\",\"caption\":\"Isabelle Bost\"},\"url\":\"https:\/\/galerie-bost.com\/index.php\/author\/ibost\/\"}]}<\/script>\n<!-- \/ Yoast SEO plugin. -->","yoast_head_json":{"title":"Exposition Elisabeth BESNIER \"Le Golf dans tous ses \u00e9tats !\" - Galerie Bost Art Contemporain","robots":{"index":"index","follow":"follow","max-snippet":"max-snippet:-1","max-image-preview":"max-image-preview:large","max-video-preview":"max-video-preview:-1"},"canonical":"https:\/\/galerie-bost.com\/index.php\/2015\/02\/20\/exposition-elisabeth-besnier-le-golf-dans-tous-ses-etats\/","og_locale":"fr_FR","og_type":"article","og_title":"Exposition Elisabeth BESNIER \"Le Golf dans tous ses \u00e9tats !\" - Galerie Bost Art Contemporain","og_description":"C&rsquo;est au Golf de Valence \u00e0 St Didier de Charpey que les toiles d&rsquo;Elisabeth BESNIER sur le th\u00e8me du Golf sont visibles jusqu&rsquo;au 15 mars 2015. Le vernissage a lieu vendredi 27 f\u00e9vrier 2015 \u00e0 partir de 18h30. en pr\u00e9sence de l&rsquo;artiste. En juillet 2014, Elisabeth BESNIER se rend sur le golf de St Didier [&hellip;]","og_url":"https:\/\/galerie-bost.com\/index.php\/2015\/02\/20\/exposition-elisabeth-besnier-le-golf-dans-tous-ses-etats\/","og_site_name":"Galerie Bost","article_published_time":"2015-02-20T16:37:19+00:00","twitter_card":"summary_large_image","twitter_misc":{"\u00c9crit par":"Isabelle Bost","Dur\u00e9e de lecture est.":"1 minute"},"schema":{"@context":"https:\/\/schema.org","@graph":[{"@type":"Organization","@id":"https:\/\/galerie-bost.com\/#organization","name":"Galerie Bost","url":"https:\/\/galerie-bost.com\/","sameAs":[],"logo":{"@type":"ImageObject","@id":"https:\/\/galerie-bost.com\/#logo","inLanguage":"fr-FR","url":"https:\/\/galerie-bost.com\/wp-content\/uploads\/2017\/11\/logoBost1.png","contentUrl":"https:\/\/galerie-bost.com\/wp-content\/uploads\/2017\/11\/logoBost1.png","width":280,"height":47,"caption":"Galerie Bost"},"image":{"@id":"https:\/\/galerie-bost.com\/#logo"}},{"@type":"WebSite","@id":"https:\/\/galerie-bost.com\/#website","url":"https:\/\/galerie-bost.com\/","name":"Galerie Bost","description":"Galerie d&#039;art contemporain. Toile et d\u00e9coration","publisher":{"@id":"https:\/\/galerie-bost.com\/#organization"},"potentialAction":[{"@type":"SearchAction","target":{"@type":"EntryPoint","urlTemplate":"https:\/\/galerie-bost.com\/?s={search_term_string}"},"query-input":"required name=search_term_string"}],"inLanguage":"fr-FR"},{"@type":"ImageObject","@id":"https:\/\/galerie-bost.com\/index.php\/2015\/02\/20\/exposition-elisabeth-besnier-le-golf-dans-tous-ses-etats\/#primaryimage","inLanguage":"fr-FR","url":"","contentUrl":""},{"@type":"WebPage","@id":"https:\/\/galerie-bost.com\/index.php\/2015\/02\/20\/exposition-elisabeth-besnier-le-golf-dans-tous-ses-etats\/#webpage","url":"https:\/\/galerie-bost.com\/index.php\/2015\/02\/20\/exposition-elisabeth-besnier-le-golf-dans-tous-ses-etats\/","name":"Exposition Elisabeth BESNIER \"Le Golf dans tous ses \u00e9tats !\" - Galerie Bost Art Contemporain","isPartOf":{"@id":"https:\/\/galerie-bost.com\/#website"},"primaryImageOfPage":{"@id":"https:\/\/galerie-bost.com\/index.php\/2015\/02\/20\/exposition-elisabeth-besnier-le-golf-dans-tous-ses-etats\/#primaryimage"},"datePublished":"2015-02-20T16:37:19+00:00","dateModified":"2015-02-20T16:37:19+00:00","breadcrumb":{"@id":"https:\/\/galerie-bost.com\/index.php\/2015\/02\/20\/exposition-elisabeth-besnier-le-golf-dans-tous-ses-etats\/#breadcrumb"},"inLanguage":"fr-FR","potentialAction":[{"@type":"ReadAction","target":["https:\/\/galerie-bost.com\/index.php\/2015\/02\/20\/exposition-elisabeth-besnier-le-golf-dans-tous-ses-etats\/"]}]},{"@type":"BreadcrumbList","@id":"https:\/\/galerie-bost.com\/index.php\/2015\/02\/20\/exposition-elisabeth-besnier-le-golf-dans-tous-ses-etats\/#breadcrumb","itemListElement":[{"@type":"ListItem","position":1,"name":"Exposition Elisabeth BESNIER \u00ab\u00a0Le Golf dans tous ses \u00e9tats !\u00a0\u00bb"}]},{"@type":"Article","@id":"https:\/\/galerie-bost.com\/index.php\/2015\/02\/20\/exposition-elisabeth-besnier-le-golf-dans-tous-ses-etats\/#article","isPartOf":{"@id":"https:\/\/galerie-bost.com\/index.php\/2015\/02\/20\/exposition-elisabeth-besnier-le-golf-dans-tous-ses-etats\/#webpage"},"author":{"@id":"https:\/\/galerie-bost.com\/#\/schema\/person\/8f53a132d905888ee6a95eff87c6f578"},"headline":"Exposition Elisabeth BESNIER \u00ab\u00a0Le Golf dans tous ses \u00e9tats !\u00a0\u00bb","datePublished":"2015-02-20T16:37:19+00:00","dateModified":"2015-02-20T16:37:19+00:00","mainEntityOfPage":{"@id":"https:\/\/galerie-bost.com\/index.php\/2015\/02\/20\/exposition-elisabeth-besnier-le-golf-dans-tous-ses-etats\/#webpage"},"wordCount":141,"publisher":{"@id":"https:\/\/galerie-bost.com\/#organization"},"image":{"@id":"https:\/\/galerie-bost.com\/index.php\/2015\/02\/20\/exposition-elisabeth-besnier-le-golf-dans-tous-ses-etats\/#primaryimage"},"thumbnailUrl":"","articleSection":["Les expositions"],"inLanguage":"fr-FR"},{"@type":"Person","@id":"https:\/\/galerie-bost.com\/#\/schema\/person\/8f53a132d905888ee6a95eff87c6f578","name":"Isabelle Bost","image":{"@type":"ImageObject","@id":"https:\/\/galerie-bost.com\/#personlogo","inLanguage":"fr-FR","url":"https:\/\/secure.gravatar.com\/avatar\/923f969b56f96edcb7b809a86b40ea65?s=96&d=mm&r=g","contentUrl":"https:\/\/secure.gravatar.com\/avatar\/923f969b56f96edcb7b809a86b40ea65?s=96&d=mm&r=g","caption":"Isabelle Bost"},"url":"https:\/\/galerie-bost.com\/index.php\/author\/ibost\/"}]}},"_links":{"self":[{"href":"https:\/\/galerie-bost.com\/index.php\/wp-json\/wp\/v2\/posts\/800"}],"collection":[{"href":"https:\/\/galerie-bost.com\/index.php\/wp-json\/wp\/v2\/posts"}],"about":[{"href":"https:\/\/galerie-bost.com\/index.php\/wp-json\/wp\/v2\/types\/post"}],"author":[{"embeddable":true,"href":"https:\/\/galerie-bost.com\/index.php\/wp-json\/wp\/v2\/users\/3"}],"replies":[{"embeddable":true,"href":"https:\/\/galerie-bost.com\/index.php\/wp-json\/wp\/v2\/comments?post=800"}],"version-history":[{"count":0,"href":"https:\/\/galerie-bost.com\/index.php\/wp-json\/wp\/v2\/posts\/800\/revisions"}],"wp:featuredmedia":[{"embeddable":true,"href":"https:\/\/galerie-bost.com\/index.php\/wp-json\/wp\/v2\/media\/798"}],"wp:attachment":[{"href":"https:\/\/galerie-bost.com\/index.php\/wp-json\/wp\/v2\/media?parent=800"}],"wp:term":[{"taxonomy":"category","embeddable":true,"href":"https:\/\/galerie-bost.com\/index.php\/wp-json\/wp\/v2\/categories?post=800"},{"taxonomy":"post_tag","embeddable":true,"href":"https:\/\/galerie-bost.com\/index.php\/wp-json\/wp\/v2\/tags?post=800"}],"curies":[{"name":"wp","href":"https:\/\/api.w.org\/{rel}","templated":true}]}}