{"id":687,"date":"2014-07-31T18:32:15","date_gmt":"2014-07-31T16:32:15","guid":{"rendered":"https:\/\/galerie-bost.com\/?p=687"},"modified":"2014-07-31T18:32:15","modified_gmt":"2014-07-31T16:32:15","slug":"exposition-personnelle-stephan-herrgott-du-13-au-30-septembre-2014","status":"publish","type":"post","link":"https:\/\/galerie-bost.com\/index.php\/2014\/07\/31\/exposition-personnelle-stephan-herrgott-du-13-au-30-septembre-2014\/","title":{"rendered":"Exposition personnelle St\u00e9phan HERRGOTT du 13 au 30 septembre 2014"},"content":{"rendered":"<p>&nbsp;<\/p>\n<p>&nbsp;<\/p>\n<p><img loading=\"lazy\" class=\"wp-image-707 alignright\" style=\"margin: 15px; width: 238px; height: 308px;\" alt=\"Affiche expo perso 1\" src=\"https:\/\/galerie-bost.com\/wp-content\/uploads\/2014\/07\/Affiche-expo-perso-1-225x300.jpg\" width=\"225\" height=\"300\" \/><\/p>\n<p><a href=\"https:\/\/galerie-bost.com\/wp-content\/uploads\/2014\/07\/Affiche-expo-perso-1.jpg\">\u00a0<\/a><\/p>\n<p style=\"text-align: justify;\"><b>Entre Elle et Blanche<\/b>, St\u00e9phan HERRGOTT investit le rez-de-chauss\u00e9e de la galerie avec une quarantaine de toiles du 13 au 30 septembre 2014.<\/p>\n<p style=\"text-align: justify;\"><strong>Vernissage le 13 septembre 2014 en pr\u00e9sence de l\u2019artiste<\/strong>.<\/p>\n<p>&nbsp;<\/p>\n<p>&nbsp;<\/p>\n<p>&nbsp;<\/p>\n<p>Partenariat avec<\/p>\n<p><a href=\"https:\/\/galerie-bost.com\/wp-content\/uploads\/2014\/07\/logo-monde-macaron1.jpg\"><img loading=\"lazy\" class=\"alignnone  wp-image-729\" style=\"width: 155px; height: 74px;\" alt=\"logo monde macaron1\" src=\"https:\/\/galerie-bost.com\/wp-content\/uploads\/2014\/07\/logo-monde-macaron1-300x164.jpg\" width=\"300\" height=\"164\" \/><\/a><\/p>\n<p>&nbsp;<\/p>\n<p>&nbsp;<\/p>\n","protected":false},"excerpt":{"rendered":"<p>&nbsp; &nbsp; \u00a0 Entre Elle et Blanche, St\u00e9phan HERRGOTT investit le rez-de-chauss\u00e9e de la galerie avec une quarantaine de toiles du 13 au 30 septembre 2014. Vernissage le 13 septembre 2014 en pr\u00e9sence de l\u2019artiste. &nbsp; &nbsp; &nbsp; Partenariat avec &nbsp; &nbsp;<\/p>\n","protected":false},"author":3,"featured_media":0,"comment_status":"closed","ping_status":"open","sticky":false,"template":"","format":"standard","meta":[],"categories":[6],"tags":[],"yoast_head":"<!-- This site is optimized with the Yoast SEO plugin v17.2 - https:\/\/yoast.com\/wordpress\/plugins\/seo\/ -->\n<title>Exposition personnelle St\u00e9phan HERRGOTT du 13 au 30 septembre 2014 - Galerie Bost Art Contemporain<\/title>\n<meta name=\"robots\" content=\"index, follow, max-snippet:-1, max-image-preview:large, max-video-preview:-1\" \/>\n<link rel=\"canonical\" href=\"https:\/\/galerie-bost.com\/index.php\/2014\/07\/31\/exposition-personnelle-stephan-herrgott-du-13-au-30-septembre-2014\/\" \/>\n<meta property=\"og:locale\" content=\"fr_FR\" \/>\n<meta property=\"og:type\" content=\"article\" \/>\n<meta property=\"og:title\" content=\"Exposition personnelle St\u00e9phan HERRGOTT du 13 au 30 septembre 2014 - Galerie Bost Art Contemporain\" \/>\n<meta property=\"og:description\" content=\"&nbsp; &nbsp; \u00a0 Entre Elle et Blanche, St\u00e9phan HERRGOTT investit le rez-de-chauss\u00e9e de la galerie avec une quarantaine de toiles du 13 au 30 septembre 2014. Vernissage le 13 septembre 2014 en pr\u00e9sence de l\u2019artiste. &nbsp; &nbsp; &nbsp; Partenariat avec &nbsp; &nbsp;\" \/>\n<meta property=\"og:url\" content=\"https:\/\/galerie-bost.com\/index.php\/2014\/07\/31\/exposition-personnelle-stephan-herrgott-du-13-au-30-septembre-2014\/\" \/>\n<meta property=\"og:site_name\" content=\"Galerie Bost\" \/>\n<meta property=\"article:published_time\" content=\"2014-07-31T16:32:15+00:00\" \/>\n<meta property=\"og:image\" content=\"https:\/\/galerie-bost.com\/wp-content\/uploads\/2014\/07\/Affiche-expo-perso-1-225x300.jpg\" \/>\n<meta name=\"twitter:card\" content=\"summary_large_image\" \/>\n<meta name=\"twitter:label1\" content=\"\u00c9crit par\" \/>\n\t<meta name=\"twitter:data1\" content=\"Isabelle Bost\" \/>\n<script type=\"application\/ld+json\" class=\"yoast-schema-graph\">{\"@context\":\"https:\/\/schema.org\",\"@graph\":[{\"@type\":\"Organization\",\"@id\":\"https:\/\/galerie-bost.com\/#organization\",\"name\":\"Galerie Bost\",\"url\":\"https:\/\/galerie-bost.com\/\",\"sameAs\":[],\"logo\":{\"@type\":\"ImageObject\",\"@id\":\"https:\/\/galerie-bost.com\/#logo\",\"inLanguage\":\"fr-FR\",\"url\":\"https:\/\/galerie-bost.com\/wp-content\/uploads\/2017\/11\/logoBost1.png\",\"contentUrl\":\"https:\/\/galerie-bost.com\/wp-content\/uploads\/2017\/11\/logoBost1.png\",\"width\":280,\"height\":47,\"caption\":\"Galerie Bost\"},\"image\":{\"@id\":\"https:\/\/galerie-bost.com\/#logo\"}},{\"@type\":\"WebSite\",\"@id\":\"https:\/\/galerie-bost.com\/#website\",\"url\":\"https:\/\/galerie-bost.com\/\",\"name\":\"Galerie Bost\",\"description\":\"Galerie d&#039;art contemporain. Toile et d\\u00e9coration\",\"publisher\":{\"@id\":\"https:\/\/galerie-bost.com\/#organization\"},\"potentialAction\":[{\"@type\":\"SearchAction\",\"target\":{\"@type\":\"EntryPoint\",\"urlTemplate\":\"https:\/\/galerie-bost.com\/?s={search_term_string}\"},\"query-input\":\"required name=search_term_string\"}],\"inLanguage\":\"fr-FR\"},{\"@type\":\"ImageObject\",\"@id\":\"https:\/\/galerie-bost.com\/index.php\/2014\/07\/31\/exposition-personnelle-stephan-herrgott-du-13-au-30-septembre-2014\/#primaryimage\",\"inLanguage\":\"fr-FR\",\"url\":\"https:\/\/galerie-bost.com\/wp-content\/uploads\/2014\/07\/Affiche-expo-perso-1-225x300.jpg\",\"contentUrl\":\"https:\/\/galerie-bost.com\/wp-content\/uploads\/2014\/07\/Affiche-expo-perso-1-225x300.jpg\"},{\"@type\":\"WebPage\",\"@id\":\"https:\/\/galerie-bost.com\/index.php\/2014\/07\/31\/exposition-personnelle-stephan-herrgott-du-13-au-30-septembre-2014\/#webpage\",\"url\":\"https:\/\/galerie-bost.com\/index.php\/2014\/07\/31\/exposition-personnelle-stephan-herrgott-du-13-au-30-septembre-2014\/\",\"name\":\"Exposition personnelle St\\u00e9phan HERRGOTT du 13 au 30 septembre 2014 - Galerie Bost Art Contemporain\",\"isPartOf\":{\"@id\":\"https:\/\/galerie-bost.com\/#website\"},\"primaryImageOfPage\":{\"@id\":\"https:\/\/galerie-bost.com\/index.php\/2014\/07\/31\/exposition-personnelle-stephan-herrgott-du-13-au-30-septembre-2014\/#primaryimage\"},\"datePublished\":\"2014-07-31T16:32:15+00:00\",\"dateModified\":\"2014-07-31T16:32:15+00:00\",\"breadcrumb\":{\"@id\":\"https:\/\/galerie-bost.com\/index.php\/2014\/07\/31\/exposition-personnelle-stephan-herrgott-du-13-au-30-septembre-2014\/#breadcrumb\"},\"inLanguage\":\"fr-FR\",\"potentialAction\":[{\"@type\":\"ReadAction\",\"target\":[\"https:\/\/galerie-bost.com\/index.php\/2014\/07\/31\/exposition-personnelle-stephan-herrgott-du-13-au-30-septembre-2014\/\"]}]},{\"@type\":\"BreadcrumbList\",\"@id\":\"https:\/\/galerie-bost.com\/index.php\/2014\/07\/31\/exposition-personnelle-stephan-herrgott-du-13-au-30-septembre-2014\/#breadcrumb\",\"itemListElement\":[{\"@type\":\"ListItem\",\"position\":1,\"name\":\"Exposition personnelle St\\u00e9phan HERRGOTT du 13 au 30 septembre 2014\"}]},{\"@type\":\"Article\",\"@id\":\"https:\/\/galerie-bost.com\/index.php\/2014\/07\/31\/exposition-personnelle-stephan-herrgott-du-13-au-30-septembre-2014\/#article\",\"isPartOf\":{\"@id\":\"https:\/\/galerie-bost.com\/index.php\/2014\/07\/31\/exposition-personnelle-stephan-herrgott-du-13-au-30-septembre-2014\/#webpage\"},\"author\":{\"@id\":\"https:\/\/galerie-bost.com\/#\/schema\/person\/8f53a132d905888ee6a95eff87c6f578\"},\"headline\":\"Exposition personnelle St\\u00e9phan HERRGOTT du 13 au 30 septembre 2014\",\"datePublished\":\"2014-07-31T16:32:15+00:00\",\"dateModified\":\"2014-07-31T16:32:15+00:00\",\"mainEntityOfPage\":{\"@id\":\"https:\/\/galerie-bost.com\/index.php\/2014\/07\/31\/exposition-personnelle-stephan-herrgott-du-13-au-30-septembre-2014\/#webpage\"},\"wordCount\":48,\"publisher\":{\"@id\":\"https:\/\/galerie-bost.com\/#organization\"},\"image\":{\"@id\":\"https:\/\/galerie-bost.com\/index.php\/2014\/07\/31\/exposition-personnelle-stephan-herrgott-du-13-au-30-septembre-2014\/#primaryimage\"},\"thumbnailUrl\":\"https:\/\/galerie-bost.com\/wp-content\/uploads\/2014\/07\/Affiche-expo-perso-1-225x300.jpg\",\"articleSection\":[\"Uncategorized\"],\"inLanguage\":\"fr-FR\"},{\"@type\":\"Person\",\"@id\":\"https:\/\/galerie-bost.com\/#\/schema\/person\/8f53a132d905888ee6a95eff87c6f578\",\"name\":\"Isabelle Bost\",\"image\":{\"@type\":\"ImageObject\",\"@id\":\"https:\/\/galerie-bost.com\/#personlogo\",\"inLanguage\":\"fr-FR\",\"url\":\"https:\/\/secure.gravatar.com\/avatar\/923f969b56f96edcb7b809a86b40ea65?s=96&d=mm&r=g\",\"contentUrl\":\"https:\/\/secure.gravatar.com\/avatar\/923f969b56f96edcb7b809a86b40ea65?s=96&d=mm&r=g\",\"caption\":\"Isabelle Bost\"},\"url\":\"https:\/\/galerie-bost.com\/index.php\/author\/ibost\/\"}]}<\/script>\n<!-- \/ Yoast SEO plugin. -->","yoast_head_json":{"title":"Exposition personnelle St\u00e9phan HERRGOTT du 13 au 30 septembre 2014 - Galerie Bost Art Contemporain","robots":{"index":"index","follow":"follow","max-snippet":"max-snippet:-1","max-image-preview":"max-image-preview:large","max-video-preview":"max-video-preview:-1"},"canonical":"https:\/\/galerie-bost.com\/index.php\/2014\/07\/31\/exposition-personnelle-stephan-herrgott-du-13-au-30-septembre-2014\/","og_locale":"fr_FR","og_type":"article","og_title":"Exposition personnelle St\u00e9phan HERRGOTT du 13 au 30 septembre 2014 - Galerie Bost Art Contemporain","og_description":"&nbsp; &nbsp; \u00a0 Entre Elle et Blanche, St\u00e9phan HERRGOTT investit le rez-de-chauss\u00e9e de la galerie avec une quarantaine de toiles du 13 au 30 septembre 2014. Vernissage le 13 septembre 2014 en pr\u00e9sence de l\u2019artiste. &nbsp; &nbsp; &nbsp; Partenariat avec &nbsp; &nbsp;","og_url":"https:\/\/galerie-bost.com\/index.php\/2014\/07\/31\/exposition-personnelle-stephan-herrgott-du-13-au-30-septembre-2014\/","og_site_name":"Galerie Bost","article_published_time":"2014-07-31T16:32:15+00:00","og_image":[{"url":"https:\/\/galerie-bost.com\/wp-content\/uploads\/2014\/07\/Affiche-expo-perso-1-225x300.jpg"}],"twitter_card":"summary_large_image","twitter_misc":{"\u00c9crit par":"Isabelle Bost"},"schema":{"@context":"https:\/\/schema.org","@graph":[{"@type":"Organization","@id":"https:\/\/galerie-bost.com\/#organization","name":"Galerie Bost","url":"https:\/\/galerie-bost.com\/","sameAs":[],"logo":{"@type":"ImageObject","@id":"https:\/\/galerie-bost.com\/#logo","inLanguage":"fr-FR","url":"https:\/\/galerie-bost.com\/wp-content\/uploads\/2017\/11\/logoBost1.png","contentUrl":"https:\/\/galerie-bost.com\/wp-content\/uploads\/2017\/11\/logoBost1.png","width":280,"height":47,"caption":"Galerie Bost"},"image":{"@id":"https:\/\/galerie-bost.com\/#logo"}},{"@type":"WebSite","@id":"https:\/\/galerie-bost.com\/#website","url":"https:\/\/galerie-bost.com\/","name":"Galerie Bost","description":"Galerie d&#039;art contemporain. Toile et d\u00e9coration","publisher":{"@id":"https:\/\/galerie-bost.com\/#organization"},"potentialAction":[{"@type":"SearchAction","target":{"@type":"EntryPoint","urlTemplate":"https:\/\/galerie-bost.com\/?s={search_term_string}"},"query-input":"required name=search_term_string"}],"inLanguage":"fr-FR"},{"@type":"ImageObject","@id":"https:\/\/galerie-bost.com\/index.php\/2014\/07\/31\/exposition-personnelle-stephan-herrgott-du-13-au-30-septembre-2014\/#primaryimage","inLanguage":"fr-FR","url":"https:\/\/galerie-bost.com\/wp-content\/uploads\/2014\/07\/Affiche-expo-perso-1-225x300.jpg","contentUrl":"https:\/\/galerie-bost.com\/wp-content\/uploads\/2014\/07\/Affiche-expo-perso-1-225x300.jpg"},{"@type":"WebPage","@id":"https:\/\/galerie-bost.com\/index.php\/2014\/07\/31\/exposition-personnelle-stephan-herrgott-du-13-au-30-septembre-2014\/#webpage","url":"https:\/\/galerie-bost.com\/index.php\/2014\/07\/31\/exposition-personnelle-stephan-herrgott-du-13-au-30-septembre-2014\/","name":"Exposition personnelle St\u00e9phan HERRGOTT du 13 au 30 septembre 2014 - Galerie Bost Art Contemporain","isPartOf":{"@id":"https:\/\/galerie-bost.com\/#website"},"primaryImageOfPage":{"@id":"https:\/\/galerie-bost.com\/index.php\/2014\/07\/31\/exposition-personnelle-stephan-herrgott-du-13-au-30-septembre-2014\/#primaryimage"},"datePublished":"2014-07-31T16:32:15+00:00","dateModified":"2014-07-31T16:32:15+00:00","breadcrumb":{"@id":"https:\/\/galerie-bost.com\/index.php\/2014\/07\/31\/exposition-personnelle-stephan-herrgott-du-13-au-30-septembre-2014\/#breadcrumb"},"inLanguage":"fr-FR","potentialAction":[{"@type":"ReadAction","target":["https:\/\/galerie-bost.com\/index.php\/2014\/07\/31\/exposition-personnelle-stephan-herrgott-du-13-au-30-septembre-2014\/"]}]},{"@type":"BreadcrumbList","@id":"https:\/\/galerie-bost.com\/index.php\/2014\/07\/31\/exposition-personnelle-stephan-herrgott-du-13-au-30-septembre-2014\/#breadcrumb","itemListElement":[{"@type":"ListItem","position":1,"name":"Exposition personnelle St\u00e9phan HERRGOTT du 13 au 30 septembre 2014"}]},{"@type":"Article","@id":"https:\/\/galerie-bost.com\/index.php\/2014\/07\/31\/exposition-personnelle-stephan-herrgott-du-13-au-30-septembre-2014\/#article","isPartOf":{"@id":"https:\/\/galerie-bost.com\/index.php\/2014\/07\/31\/exposition-personnelle-stephan-herrgott-du-13-au-30-septembre-2014\/#webpage"},"author":{"@id":"https:\/\/galerie-bost.com\/#\/schema\/person\/8f53a132d905888ee6a95eff87c6f578"},"headline":"Exposition personnelle St\u00e9phan HERRGOTT du 13 au 30 septembre 2014","datePublished":"2014-07-31T16:32:15+00:00","dateModified":"2014-07-31T16:32:15+00:00","mainEntityOfPage":{"@id":"https:\/\/galerie-bost.com\/index.php\/2014\/07\/31\/exposition-personnelle-stephan-herrgott-du-13-au-30-septembre-2014\/#webpage"},"wordCount":48,"publisher":{"@id":"https:\/\/galerie-bost.com\/#organization"},"image":{"@id":"https:\/\/galerie-bost.com\/index.php\/2014\/07\/31\/exposition-personnelle-stephan-herrgott-du-13-au-30-septembre-2014\/#primaryimage"},"thumbnailUrl":"https:\/\/galerie-bost.com\/wp-content\/uploads\/2014\/07\/Affiche-expo-perso-1-225x300.jpg","articleSection":["Uncategorized"],"inLanguage":"fr-FR"},{"@type":"Person","@id":"https:\/\/galerie-bost.com\/#\/schema\/person\/8f53a132d905888ee6a95eff87c6f578","name":"Isabelle Bost","image":{"@type":"ImageObject","@id":"https:\/\/galerie-bost.com\/#personlogo","inLanguage":"fr-FR","url":"https:\/\/secure.gravatar.com\/avatar\/923f969b56f96edcb7b809a86b40ea65?s=96&d=mm&r=g","contentUrl":"https:\/\/secure.gravatar.com\/avatar\/923f969b56f96edcb7b809a86b40ea65?s=96&d=mm&r=g","caption":"Isabelle Bost"},"url":"https:\/\/galerie-bost.com\/index.php\/author\/ibost\/"}]}},"_links":{"self":[{"href":"https:\/\/galerie-bost.com\/index.php\/wp-json\/wp\/v2\/posts\/687"}],"collection":[{"href":"https:\/\/galerie-bost.com\/index.php\/wp-json\/wp\/v2\/posts"}],"about":[{"href":"https:\/\/galerie-bost.com\/index.php\/wp-json\/wp\/v2\/types\/post"}],"author":[{"embeddable":true,"href":"https:\/\/galerie-bost.com\/index.php\/wp-json\/wp\/v2\/users\/3"}],"replies":[{"embeddable":true,"href":"https:\/\/galerie-bost.com\/index.php\/wp-json\/wp\/v2\/comments?post=687"}],"version-history":[{"count":0,"href":"https:\/\/galerie-bost.com\/index.php\/wp-json\/wp\/v2\/posts\/687\/revisions"}],"wp:attachment":[{"href":"https:\/\/galerie-bost.com\/index.php\/wp-json\/wp\/v2\/media?parent=687"}],"wp:term":[{"taxonomy":"category","embeddable":true,"href":"https:\/\/galerie-bost.com\/index.php\/wp-json\/wp\/v2\/categories?post=687"},{"taxonomy":"post_tag","embeddable":true,"href":"https:\/\/galerie-bost.com\/index.php\/wp-json\/wp\/v2\/tags?post=687"}],"curies":[{"name":"wp","href":"https:\/\/api.w.org\/{rel}","templated":true}]}}