{"id":21076,"date":"2024-07-11T15:13:28","date_gmt":"2024-07-11T13:13:28","guid":{"rendered":"https:\/\/galerie-bost.com\/?p=21076"},"modified":"2024-07-11T15:13:28","modified_gmt":"2024-07-11T13:13:28","slug":"exposition-david-jamin-lola-jamin-prieure-de-charriere-17-25-aout-2024","status":"publish","type":"post","link":"https:\/\/galerie-bost.com\/index.php\/2024\/07\/11\/exposition-david-jamin-lola-jamin-prieure-de-charriere-17-25-aout-2024\/","title":{"rendered":"Exposition David Jamin &#038; Lola Jamin Prieur\u00e9 de Charri\u00e8re &#8211; 17\/25 ao\u00fbt 2024"},"content":{"rendered":"\n<figure class=\"wp-block-image size-large\"><img loading=\"lazy\" width=\"724\" height=\"1024\" src=\"https:\/\/galerie-bost.com\/wp-content\/uploads\/2024\/07\/Affiche-A4-724x1024.jpg\" alt=\"\" class=\"wp-image-21081\" srcset=\"https:\/\/galerie-bost.com\/wp-content\/uploads\/2024\/07\/Affiche-A4-724x1024.jpg 724w, https:\/\/galerie-bost.com\/wp-content\/uploads\/2024\/07\/Affiche-A4-283x400.jpg 283w, https:\/\/galerie-bost.com\/wp-content\/uploads\/2024\/07\/Affiche-A4-768x1086.jpg 768w, https:\/\/galerie-bost.com\/wp-content\/uploads\/2024\/07\/Affiche-A4-1086x1536.jpg 1086w, https:\/\/galerie-bost.com\/wp-content\/uploads\/2024\/07\/Affiche-A4-1448x2048.jpg 1448w, https:\/\/galerie-bost.com\/wp-content\/uploads\/2024\/07\/Affiche-A4-scaled.jpg 1810w\" sizes=\"(max-width: 724px) 100vw, 724px\" \/><\/figure>\n\n\n\n<p>Une vraie <a href=\"https:\/\/galerie-bost.com\/index.php\/portfolio\/lola-jamin-david-jamin\/\">\u00ab\u00a0mostra\u00a0\u00bb<\/a> pour cet \u00e9v\u00e8nement dans un environnement hors du commun : Le <a href=\"https:\/\/prieuredecharriere.fr\/\">Prieur\u00e9 de Charri\u00e8re<\/a>. Une symphonie picturale avec le travail de Lola et celui de David qui se compl\u00e8tent, s&rsquo;accompagnent, s&rsquo;interpellent et se r\u00e9pondent.<\/p>\n\n\n\n<p>Les toiles de David JAMIN aux tr\u00e8s grandes dimensions sur des sujets floraux, des dandy, des introportraits sont propos\u00e9s \u00e0 cot\u00e9 des oeuvres de Lola JAMIN de formats plus modestes.<\/p>\n\n\n\n<p>Le travail de la jeune artiste d\u00e9veloppe une force, une assurance qui nous interpelle, nous interroge, nous questionne.<\/p>\n\n\n\n<p>L&rsquo;essentiel est l\u00e0, pr\u00e9sent. Il s&rsquo;impose \u00e0 nous. Le trait est s\u00fbr, la couleur juste, l&rsquo;expression incisive. Tout est si parfait que l&rsquo;image devient mouvement, son. Elle raconte des histoires sans concession.<\/p>\n\n\n\n<p>Deux univers compl\u00e9mentaires pour musarder et s&rsquo;immerger dans une ambiance o\u00f9 l&rsquo;\u00e9crin de ce lieu autrefois sacr\u00e9 accueille l&rsquo;art contemporain avec les tableaux hors normes et in\u00e9dits de nos deux artistes ainsi que les sculptures de <a href=\"https:\/\/www.sophr.fr\/\">SOPHIE ROBERT<\/a>.<\/p>\n\n\n\n<p><\/p>\n\n\n\n<p>Une exposition compl\u00e9mentaire \u00e0 la Galerie de Valence pr\u00e9sentera les petits et moyens formats de Lola et David JAMIN sur des th\u00e8mes \u00ab\u00a0coeur de peinture\u00a0\u00bb et d&rsquo;autres in\u00e9dits.<\/p>\n\n\n\n<p>ouverture de 14h \u00e0 19h<\/p>\n\n\n\n<p>Une exposition \u00e0 ne pas manquer !<\/p>\n","protected":false},"excerpt":{"rendered":"<p>Une vraie \u00ab\u00a0mostra\u00a0\u00bb pour cet \u00e9v\u00e8nement dans un environnement hors du commun : Le Prieur\u00e9 de Charri\u00e8re. Une symphonie picturale avec le travail de Lola et celui de David qui se compl\u00e8tent, s&rsquo;accompagnent, s&rsquo;interpellent et se r\u00e9pondent. Les toiles de David JAMIN aux tr\u00e8s grandes dimensions sur des sujets floraux, des dandy, des introportraits sont [&hellip;]<\/p>\n","protected":false},"author":3,"featured_media":0,"comment_status":"closed","ping_status":"closed","sticky":false,"template":"","format":"standard","meta":[],"categories":[1],"tags":[],"yoast_head":"<!-- This site is optimized with the Yoast SEO plugin v17.2 - https:\/\/yoast.com\/wordpress\/plugins\/seo\/ -->\n<title>Exposition David Jamin &amp; Lola Jamin Prieur\u00e9 de Charri\u00e8re - 17\/25 ao\u00fbt 2024 - Galerie Bost Art Contemporain<\/title>\n<meta name=\"description\" content=\"Un \u00e9v\u00e8nement dans un lieu hors du commun : Le Prieur\u00e9 de Charri\u00e8re. Une symphonie picturale avec les tableaux de Lola &amp; David JAMIN.\" \/>\n<meta name=\"robots\" content=\"index, follow, max-snippet:-1, max-image-preview:large, max-video-preview:-1\" \/>\n<link rel=\"canonical\" href=\"https:\/\/galerie-bost.com\/index.php\/2024\/07\/11\/exposition-david-jamin-lola-jamin-prieure-de-charriere-17-25-aout-2024\/\" \/>\n<meta property=\"og:locale\" content=\"fr_FR\" \/>\n<meta property=\"og:type\" content=\"article\" \/>\n<meta property=\"og:title\" content=\"Exposition David Jamin &amp; Lola Jamin Prieur\u00e9 de Charri\u00e8re - 17\/25 ao\u00fbt 2024 - Galerie Bost Art Contemporain\" \/>\n<meta property=\"og:description\" content=\"Un \u00e9v\u00e8nement dans un lieu hors du commun : Le Prieur\u00e9 de Charri\u00e8re. Une symphonie picturale avec les tableaux de Lola &amp; David JAMIN.\" \/>\n<meta property=\"og:url\" content=\"https:\/\/galerie-bost.com\/index.php\/2024\/07\/11\/exposition-david-jamin-lola-jamin-prieure-de-charriere-17-25-aout-2024\/\" \/>\n<meta property=\"og:site_name\" content=\"Galerie Bost\" \/>\n<meta property=\"article:published_time\" content=\"2024-07-11T13:13:28+00:00\" \/>\n<meta property=\"og:image\" content=\"https:\/\/galerie-bost.com\/wp-content\/uploads\/2024\/07\/Affiche-A4-724x1024.jpg\" \/>\n<meta name=\"twitter:card\" content=\"summary_large_image\" \/>\n<meta name=\"twitter:label1\" content=\"\u00c9crit par\" \/>\n\t<meta name=\"twitter:data1\" content=\"Isabelle Bost\" \/>\n\t<meta name=\"twitter:label2\" content=\"Dur\u00e9e de lecture est.\" \/>\n\t<meta name=\"twitter:data2\" content=\"2 minutes\" \/>\n<script type=\"application\/ld+json\" class=\"yoast-schema-graph\">{\"@context\":\"https:\/\/schema.org\",\"@graph\":[{\"@type\":\"Organization\",\"@id\":\"https:\/\/galerie-bost.com\/#organization\",\"name\":\"Galerie Bost\",\"url\":\"https:\/\/galerie-bost.com\/\",\"sameAs\":[],\"logo\":{\"@type\":\"ImageObject\",\"@id\":\"https:\/\/galerie-bost.com\/#logo\",\"inLanguage\":\"fr-FR\",\"url\":\"https:\/\/galerie-bost.com\/wp-content\/uploads\/2017\/11\/logoBost1.png\",\"contentUrl\":\"https:\/\/galerie-bost.com\/wp-content\/uploads\/2017\/11\/logoBost1.png\",\"width\":280,\"height\":47,\"caption\":\"Galerie Bost\"},\"image\":{\"@id\":\"https:\/\/galerie-bost.com\/#logo\"}},{\"@type\":\"WebSite\",\"@id\":\"https:\/\/galerie-bost.com\/#website\",\"url\":\"https:\/\/galerie-bost.com\/\",\"name\":\"Galerie Bost\",\"description\":\"Galerie d&#039;art contemporain. Toile et d\\u00e9coration\",\"publisher\":{\"@id\":\"https:\/\/galerie-bost.com\/#organization\"},\"potentialAction\":[{\"@type\":\"SearchAction\",\"target\":{\"@type\":\"EntryPoint\",\"urlTemplate\":\"https:\/\/galerie-bost.com\/?s={search_term_string}\"},\"query-input\":\"required name=search_term_string\"}],\"inLanguage\":\"fr-FR\"},{\"@type\":\"ImageObject\",\"@id\":\"https:\/\/galerie-bost.com\/index.php\/2024\/07\/11\/exposition-david-jamin-lola-jamin-prieure-de-charriere-17-25-aout-2024\/#primaryimage\",\"inLanguage\":\"fr-FR\",\"url\":\"https:\/\/galerie-bost.com\/wp-content\/uploads\/2024\/07\/Affiche-A4-724x1024.jpg\",\"contentUrl\":\"https:\/\/galerie-bost.com\/wp-content\/uploads\/2024\/07\/Affiche-A4-724x1024.jpg\"},{\"@type\":\"WebPage\",\"@id\":\"https:\/\/galerie-bost.com\/index.php\/2024\/07\/11\/exposition-david-jamin-lola-jamin-prieure-de-charriere-17-25-aout-2024\/#webpage\",\"url\":\"https:\/\/galerie-bost.com\/index.php\/2024\/07\/11\/exposition-david-jamin-lola-jamin-prieure-de-charriere-17-25-aout-2024\/\",\"name\":\"Exposition David Jamin & Lola Jamin Prieur\\u00e9 de Charri\\u00e8re - 17\/25 ao\\u00fbt 2024 - Galerie Bost Art Contemporain\",\"isPartOf\":{\"@id\":\"https:\/\/galerie-bost.com\/#website\"},\"primaryImageOfPage\":{\"@id\":\"https:\/\/galerie-bost.com\/index.php\/2024\/07\/11\/exposition-david-jamin-lola-jamin-prieure-de-charriere-17-25-aout-2024\/#primaryimage\"},\"datePublished\":\"2024-07-11T13:13:28+00:00\",\"dateModified\":\"2024-07-11T13:13:28+00:00\",\"description\":\"Un \\u00e9v\\u00e8nement dans un lieu hors du commun : Le Prieur\\u00e9 de Charri\\u00e8re. Une symphonie picturale avec les tableaux de Lola & David JAMIN.\",\"breadcrumb\":{\"@id\":\"https:\/\/galerie-bost.com\/index.php\/2024\/07\/11\/exposition-david-jamin-lola-jamin-prieure-de-charriere-17-25-aout-2024\/#breadcrumb\"},\"inLanguage\":\"fr-FR\",\"potentialAction\":[{\"@type\":\"ReadAction\",\"target\":[\"https:\/\/galerie-bost.com\/index.php\/2024\/07\/11\/exposition-david-jamin-lola-jamin-prieure-de-charriere-17-25-aout-2024\/\"]}]},{\"@type\":\"BreadcrumbList\",\"@id\":\"https:\/\/galerie-bost.com\/index.php\/2024\/07\/11\/exposition-david-jamin-lola-jamin-prieure-de-charriere-17-25-aout-2024\/#breadcrumb\",\"itemListElement\":[{\"@type\":\"ListItem\",\"position\":1,\"name\":\"Exposition David Jamin &#038; Lola Jamin Prieur\\u00e9 de Charri\\u00e8re &#8211; 17\/25 ao\\u00fbt 2024\"}]},{\"@type\":\"Article\",\"@id\":\"https:\/\/galerie-bost.com\/index.php\/2024\/07\/11\/exposition-david-jamin-lola-jamin-prieure-de-charriere-17-25-aout-2024\/#article\",\"isPartOf\":{\"@id\":\"https:\/\/galerie-bost.com\/index.php\/2024\/07\/11\/exposition-david-jamin-lola-jamin-prieure-de-charriere-17-25-aout-2024\/#webpage\"},\"author\":{\"@id\":\"https:\/\/galerie-bost.com\/#\/schema\/person\/8f53a132d905888ee6a95eff87c6f578\"},\"headline\":\"Exposition David Jamin &#038; Lola Jamin Prieur\\u00e9 de Charri\\u00e8re &#8211; 17\/25 ao\\u00fbt 2024\",\"datePublished\":\"2024-07-11T13:13:28+00:00\",\"dateModified\":\"2024-07-11T13:13:28+00:00\",\"mainEntityOfPage\":{\"@id\":\"https:\/\/galerie-bost.com\/index.php\/2024\/07\/11\/exposition-david-jamin-lola-jamin-prieure-de-charriere-17-25-aout-2024\/#webpage\"},\"wordCount\":216,\"publisher\":{\"@id\":\"https:\/\/galerie-bost.com\/#organization\"},\"image\":{\"@id\":\"https:\/\/galerie-bost.com\/index.php\/2024\/07\/11\/exposition-david-jamin-lola-jamin-prieure-de-charriere-17-25-aout-2024\/#primaryimage\"},\"thumbnailUrl\":\"https:\/\/galerie-bost.com\/wp-content\/uploads\/2024\/07\/Affiche-A4-724x1024.jpg\",\"inLanguage\":\"fr-FR\"},{\"@type\":\"Person\",\"@id\":\"https:\/\/galerie-bost.com\/#\/schema\/person\/8f53a132d905888ee6a95eff87c6f578\",\"name\":\"Isabelle Bost\",\"image\":{\"@type\":\"ImageObject\",\"@id\":\"https:\/\/galerie-bost.com\/#personlogo\",\"inLanguage\":\"fr-FR\",\"url\":\"https:\/\/secure.gravatar.com\/avatar\/923f969b56f96edcb7b809a86b40ea65?s=96&d=mm&r=g\",\"contentUrl\":\"https:\/\/secure.gravatar.com\/avatar\/923f969b56f96edcb7b809a86b40ea65?s=96&d=mm&r=g\",\"caption\":\"Isabelle Bost\"},\"url\":\"https:\/\/galerie-bost.com\/index.php\/author\/ibost\/\"}]}<\/script>\n<!-- \/ Yoast SEO plugin. -->","yoast_head_json":{"title":"Exposition David Jamin & Lola Jamin Prieur\u00e9 de Charri\u00e8re - 17\/25 ao\u00fbt 2024 - Galerie Bost Art Contemporain","description":"Un \u00e9v\u00e8nement dans un lieu hors du commun : Le Prieur\u00e9 de Charri\u00e8re. Une symphonie picturale avec les tableaux de Lola & David JAMIN.","robots":{"index":"index","follow":"follow","max-snippet":"max-snippet:-1","max-image-preview":"max-image-preview:large","max-video-preview":"max-video-preview:-1"},"canonical":"https:\/\/galerie-bost.com\/index.php\/2024\/07\/11\/exposition-david-jamin-lola-jamin-prieure-de-charriere-17-25-aout-2024\/","og_locale":"fr_FR","og_type":"article","og_title":"Exposition David Jamin & Lola Jamin Prieur\u00e9 de Charri\u00e8re - 17\/25 ao\u00fbt 2024 - Galerie Bost Art Contemporain","og_description":"Un \u00e9v\u00e8nement dans un lieu hors du commun : Le Prieur\u00e9 de Charri\u00e8re. Une symphonie picturale avec les tableaux de Lola & David JAMIN.","og_url":"https:\/\/galerie-bost.com\/index.php\/2024\/07\/11\/exposition-david-jamin-lola-jamin-prieure-de-charriere-17-25-aout-2024\/","og_site_name":"Galerie Bost","article_published_time":"2024-07-11T13:13:28+00:00","og_image":[{"url":"https:\/\/galerie-bost.com\/wp-content\/uploads\/2024\/07\/Affiche-A4-724x1024.jpg"}],"twitter_card":"summary_large_image","twitter_misc":{"\u00c9crit par":"Isabelle Bost","Dur\u00e9e de lecture est.":"2 minutes"},"schema":{"@context":"https:\/\/schema.org","@graph":[{"@type":"Organization","@id":"https:\/\/galerie-bost.com\/#organization","name":"Galerie Bost","url":"https:\/\/galerie-bost.com\/","sameAs":[],"logo":{"@type":"ImageObject","@id":"https:\/\/galerie-bost.com\/#logo","inLanguage":"fr-FR","url":"https:\/\/galerie-bost.com\/wp-content\/uploads\/2017\/11\/logoBost1.png","contentUrl":"https:\/\/galerie-bost.com\/wp-content\/uploads\/2017\/11\/logoBost1.png","width":280,"height":47,"caption":"Galerie Bost"},"image":{"@id":"https:\/\/galerie-bost.com\/#logo"}},{"@type":"WebSite","@id":"https:\/\/galerie-bost.com\/#website","url":"https:\/\/galerie-bost.com\/","name":"Galerie Bost","description":"Galerie d&#039;art contemporain. Toile et d\u00e9coration","publisher":{"@id":"https:\/\/galerie-bost.com\/#organization"},"potentialAction":[{"@type":"SearchAction","target":{"@type":"EntryPoint","urlTemplate":"https:\/\/galerie-bost.com\/?s={search_term_string}"},"query-input":"required name=search_term_string"}],"inLanguage":"fr-FR"},{"@type":"ImageObject","@id":"https:\/\/galerie-bost.com\/index.php\/2024\/07\/11\/exposition-david-jamin-lola-jamin-prieure-de-charriere-17-25-aout-2024\/#primaryimage","inLanguage":"fr-FR","url":"https:\/\/galerie-bost.com\/wp-content\/uploads\/2024\/07\/Affiche-A4-724x1024.jpg","contentUrl":"https:\/\/galerie-bost.com\/wp-content\/uploads\/2024\/07\/Affiche-A4-724x1024.jpg"},{"@type":"WebPage","@id":"https:\/\/galerie-bost.com\/index.php\/2024\/07\/11\/exposition-david-jamin-lola-jamin-prieure-de-charriere-17-25-aout-2024\/#webpage","url":"https:\/\/galerie-bost.com\/index.php\/2024\/07\/11\/exposition-david-jamin-lola-jamin-prieure-de-charriere-17-25-aout-2024\/","name":"Exposition David Jamin & Lola Jamin Prieur\u00e9 de Charri\u00e8re - 17\/25 ao\u00fbt 2024 - Galerie Bost Art Contemporain","isPartOf":{"@id":"https:\/\/galerie-bost.com\/#website"},"primaryImageOfPage":{"@id":"https:\/\/galerie-bost.com\/index.php\/2024\/07\/11\/exposition-david-jamin-lola-jamin-prieure-de-charriere-17-25-aout-2024\/#primaryimage"},"datePublished":"2024-07-11T13:13:28+00:00","dateModified":"2024-07-11T13:13:28+00:00","description":"Un \u00e9v\u00e8nement dans un lieu hors du commun : Le Prieur\u00e9 de Charri\u00e8re. Une symphonie picturale avec les tableaux de Lola & David JAMIN.","breadcrumb":{"@id":"https:\/\/galerie-bost.com\/index.php\/2024\/07\/11\/exposition-david-jamin-lola-jamin-prieure-de-charriere-17-25-aout-2024\/#breadcrumb"},"inLanguage":"fr-FR","potentialAction":[{"@type":"ReadAction","target":["https:\/\/galerie-bost.com\/index.php\/2024\/07\/11\/exposition-david-jamin-lola-jamin-prieure-de-charriere-17-25-aout-2024\/"]}]},{"@type":"BreadcrumbList","@id":"https:\/\/galerie-bost.com\/index.php\/2024\/07\/11\/exposition-david-jamin-lola-jamin-prieure-de-charriere-17-25-aout-2024\/#breadcrumb","itemListElement":[{"@type":"ListItem","position":1,"name":"Exposition David Jamin &#038; Lola Jamin Prieur\u00e9 de Charri\u00e8re &#8211; 17\/25 ao\u00fbt 2024"}]},{"@type":"Article","@id":"https:\/\/galerie-bost.com\/index.php\/2024\/07\/11\/exposition-david-jamin-lola-jamin-prieure-de-charriere-17-25-aout-2024\/#article","isPartOf":{"@id":"https:\/\/galerie-bost.com\/index.php\/2024\/07\/11\/exposition-david-jamin-lola-jamin-prieure-de-charriere-17-25-aout-2024\/#webpage"},"author":{"@id":"https:\/\/galerie-bost.com\/#\/schema\/person\/8f53a132d905888ee6a95eff87c6f578"},"headline":"Exposition David Jamin &#038; Lola Jamin Prieur\u00e9 de Charri\u00e8re &#8211; 17\/25 ao\u00fbt 2024","datePublished":"2024-07-11T13:13:28+00:00","dateModified":"2024-07-11T13:13:28+00:00","mainEntityOfPage":{"@id":"https:\/\/galerie-bost.com\/index.php\/2024\/07\/11\/exposition-david-jamin-lola-jamin-prieure-de-charriere-17-25-aout-2024\/#webpage"},"wordCount":216,"publisher":{"@id":"https:\/\/galerie-bost.com\/#organization"},"image":{"@id":"https:\/\/galerie-bost.com\/index.php\/2024\/07\/11\/exposition-david-jamin-lola-jamin-prieure-de-charriere-17-25-aout-2024\/#primaryimage"},"thumbnailUrl":"https:\/\/galerie-bost.com\/wp-content\/uploads\/2024\/07\/Affiche-A4-724x1024.jpg","inLanguage":"fr-FR"},{"@type":"Person","@id":"https:\/\/galerie-bost.com\/#\/schema\/person\/8f53a132d905888ee6a95eff87c6f578","name":"Isabelle Bost","image":{"@type":"ImageObject","@id":"https:\/\/galerie-bost.com\/#personlogo","inLanguage":"fr-FR","url":"https:\/\/secure.gravatar.com\/avatar\/923f969b56f96edcb7b809a86b40ea65?s=96&d=mm&r=g","contentUrl":"https:\/\/secure.gravatar.com\/avatar\/923f969b56f96edcb7b809a86b40ea65?s=96&d=mm&r=g","caption":"Isabelle Bost"},"url":"https:\/\/galerie-bost.com\/index.php\/author\/ibost\/"}]}},"_links":{"self":[{"href":"https:\/\/galerie-bost.com\/index.php\/wp-json\/wp\/v2\/posts\/21076"}],"collection":[{"href":"https:\/\/galerie-bost.com\/index.php\/wp-json\/wp\/v2\/posts"}],"about":[{"href":"https:\/\/galerie-bost.com\/index.php\/wp-json\/wp\/v2\/types\/post"}],"author":[{"embeddable":true,"href":"https:\/\/galerie-bost.com\/index.php\/wp-json\/wp\/v2\/users\/3"}],"replies":[{"embeddable":true,"href":"https:\/\/galerie-bost.com\/index.php\/wp-json\/wp\/v2\/comments?post=21076"}],"version-history":[{"count":5,"href":"https:\/\/galerie-bost.com\/index.php\/wp-json\/wp\/v2\/posts\/21076\/revisions"}],"predecessor-version":[{"id":21087,"href":"https:\/\/galerie-bost.com\/index.php\/wp-json\/wp\/v2\/posts\/21076\/revisions\/21087"}],"wp:attachment":[{"href":"https:\/\/galerie-bost.com\/index.php\/wp-json\/wp\/v2\/media?parent=21076"}],"wp:term":[{"taxonomy":"category","embeddable":true,"href":"https:\/\/galerie-bost.com\/index.php\/wp-json\/wp\/v2\/categories?post=21076"},{"taxonomy":"post_tag","embeddable":true,"href":"https:\/\/galerie-bost.com\/index.php\/wp-json\/wp\/v2\/tags?post=21076"}],"curies":[{"name":"wp","href":"https:\/\/api.w.org\/{rel}","templated":true}]}}