{"id":1842,"date":"2019-09-17T17:25:28","date_gmt":"2019-09-17T15:25:28","guid":{"rendered":"https:\/\/galerie-bost.com\/?p=1842"},"modified":"2021-11-03T16:13:12","modified_gmt":"2021-11-03T15:13:12","slug":"exposition-christian-raffin-balade-citadine","status":"publish","type":"post","link":"https:\/\/galerie-bost.com\/index.php\/2019\/09\/17\/exposition-christian-raffin-balade-citadine\/","title":{"rendered":"Exposition\u00a0Christian Raffin\u00a0\u00ab\u00a0Balade citadine\u00a0\u00bb du 21 septembre au 26 octobre 2019"},"content":{"rendered":"<p data-renderer-start-pos=\"2318\">Dans cette exposition, <a class=\"sc-jqCOkK hdFCoC\" title=\"https:\/\/galerie-bost.com\/index.php\/portfolio\/christian-raffin\/\" href=\"https:\/\/galerie-bost.com\/index.php\/portfolio\/christian-raffin\/\" data-renderer-mark=\"true\"><strong data-renderer-mark=\"true\">Christian Raffin<\/strong><\/a> nous emm\u00e8ne en balade au c\u0153ur de la ville, comme son nom l&rsquo;indique, <strong data-renderer-mark=\"true\">\u00ab\u00a0Balade citadine\u00a0\u00bb<\/strong>. Vous pourrez admirer les tableaux de l\u2019artiste, ses <strong data-renderer-mark=\"true\">peintures urbaines<\/strong>, du 21 septembre au 26 octobre dans notre galerie \u00e0 Valence.<\/p>\n<p data-renderer-start-pos=\"2318\"><img loading=\"lazy\" class=\"aligncenter wp-image-1841 size-medium\" src=\"https:\/\/galerie-bost.com\/wp-content\/uploads\/2019\/09\/FB-Raffin-BOST-300x211.jpg\" alt=\"Exposition Christian Raffin &quot;Balade citadine&quot;\" width=\"300\" height=\"211\" srcset=\"https:\/\/galerie-bost.com\/wp-content\/uploads\/2019\/09\/FB-Raffin-BOST-300x211.jpg 300w, https:\/\/galerie-bost.com\/wp-content\/uploads\/2019\/09\/FB-Raffin-BOST-768x541.jpg 768w, https:\/\/galerie-bost.com\/wp-content\/uploads\/2019\/09\/FB-Raffin-BOST-1024x722.jpg 1024w\" sizes=\"(max-width: 300px) 100vw, 300px\" \/><\/p>\n<p data-renderer-start-pos=\"2580\">L&rsquo;<strong data-renderer-mark=\"true\">exposition<\/strong><strong data-renderer-mark=\"true\"> \u00ab\u00a0Balade citadine\u00a0\u00bb<\/strong> ouvre grand les portes de l\u2019imaginaire et permet une identification aux personnages que l\u2019on accompagne dans ces moments privil\u00e9gi\u00e9s de la vie, les balades.<\/p>\n<p data-renderer-start-pos=\"2774\">Que le couple soit au milieu de la foule, dans les rues d\u00e9sert\u00e9es ou au centre du vide, on ne per\u00e7oit que sa pr\u00e9sence, sa force, son intimit\u00e9.<\/p>\n<figure id=\"attachment_11546\" aria-describedby=\"caption-attachment-11546\" style=\"width: 300px\" class=\"wp-caption aligncenter\"><img loading=\"lazy\" class=\"wp-image-11546 size-medium\" src=\"https:\/\/galerie-bost.com\/wp-content\/uploads\/2021\/10\/1415-Grande-rue-30x30cm-Huile-sur-toile-2021-Christian-Raffin-Galerie-Bost-Art-contemporain-tableau-300x300.jpg\" alt=\"Christian Raffin - Grande rue - Huile sur toile - 30x30 cm\" width=\"300\" height=\"300\" \/><figcaption id=\"caption-attachment-11546\" class=\"wp-caption-text\"><em>Christian Raffin &#8211; Grande rue &#8211; Huile sur toile &#8211; 30&#215;30 cm<\/em><\/figcaption><\/figure>\n<p data-renderer-start-pos=\"2921\">Dans cette exposition de Christian Raffin, sa peinture intimiste se d\u00e9cline \u00e9galement sur un autre sujet totalement inattendu, les v\u00eatements sur la corde \u00e0 linge : un beau voyage vers l\u2019\u00e9motion. D\u00e9couvrez une autre vision de la ville \u00e0 travers les tableaux d\u2019Christian Raffin et l&rsquo;art contemporain.<\/p>\n<p data-renderer-start-pos=\"2921\">\u00a0<\/p>\n<div class=\"fabric-editor-block-mark sc-bbmXgH limRyj\" data-align=\"center\">\n<p style=\"text-align: center;\" data-renderer-start-pos=\"3222\"><strong>Exposition <a class=\"sc-jqCOkK hdFCoC\" title=\"https:\/\/christian-raffin.com\/\" href=\"https:\/\/christian-raffin.com\/\" data-renderer-mark=\"true\">Christian Raffin<\/a>\u00a0<\/strong><strong>\u00ab\u00a0Balade citadine\u00a0\u00bb<\/strong> du 21 septembre au 26 octobre 2019 dans Galerie Bost, Valence<\/p>\n<p>\u00a0<\/p>\n<hr \/>\n<h6><span style=\"color: #808080;\">La Galerie Bost art contemporain est une r\u00e9f\u00e9rence dans la <a href=\"https:\/\/www.google.de\/maps\/place\/GALERIE+BOST\/@44.9326186,4.8989023,12.99z\/data=!4m5!3m4!1s0x47f559d2b570496d:0x1d71411ad684d2f0!8m2!3d44.9329827!4d4.8908496\">ville de Valence, dans la Dr\u00f4me en France<\/a>.<\/span><\/h6>\n<p>Elle repr\u00e9sente depuis plus de dix ans des <a href=\"https:\/\/galerie-bost.com\/index.php\/portfolio\/\">artistes contemporains<\/a>, jeunes talents ou cr\u00e9ateurs de renom, peintres et sculpteurs. Entre autres, <a href=\"https:\/\/galerie-bost.com\/index.php\/portfolio\/christine-barres\/\">Christine Barr\u00e8s<\/a>, <a href=\"https:\/\/galerie-bost.com\/index.php\/portfolio\/eric-munsch\/\">Eric Munsch<\/a>, <a href=\"https:\/\/galerie-bost.com\/index.php\/portfolio\/david-jamin\/\">David Jamin<\/a> et <a href=\"https:\/\/galerie-bost.com\/index.php\/portfolio\/christian-raffin\/\">Christian Raffin<\/a> comptent parmi les artistes que la galerie Bost art contemporain accompagne dans leur trajectoire artistique. Ces artistes ont en commun une expression contemporaine figurative ou plus abstraite et souvent color\u00e9e du et des mondes qui les entourent et les habitent.<\/p>\n<p>Par le biais d\u2019une exposition permanente d\u2019oeuvres de l\u2019ensemble des artistes repr\u00e9sent\u00e9s par la Galerie Bost art contemporain ainsi que d\u2019<a href=\"https:\/\/galerie-bost.com\/index.php\/les-actualites\/\">expositions individuelles r\u00e9guli\u00e8res<\/a> comme celle de <a href=\"https:\/\/galerie-bost.com\/index.php\/portfolio\/david-jamin\/\">David Jamin<\/a>, <a href=\"https:\/\/galerie-bost.com\/index.php\/portfolio\/christine-barres\/\">Christine Barr\u00e8s<\/a>, <a href=\"https:\/\/galerie-bost.com\/index.php\/portfolio\/christian-raffin\/\">Christian Raffin<\/a> et <a href=\"https:\/\/galerie-bost.com\/index.php\/portfolio\/eric-munsch\/\">Eric Munsch<\/a>, les amateurs d\u2019art pourront ainsi acqu\u00e9rir des tableaux et des sculptures contemporaines, originales et de qualit\u00e9, qui sauront les faire r\u00eaver, penser, colorer et rendre vivant leur int\u00e9rieur. Petits formats et grands formats sont ainsi accessibles \u00e0 la Galerie Bost art contemporain.<\/p>\n<\/div>\n\n\n<p><\/p>\n","protected":false},"excerpt":{"rendered":"<p>Dans cette exposition, Christian Raffin nous emm\u00e8ne en balade au c\u0153ur de la ville, comme son nom l&rsquo;indique, \u00ab\u00a0Balade citadine\u00a0\u00bb. Vous pourrez admirer les tableaux de l\u2019artiste, ses peintures urbaines, du 21 septembre au 26 octobre dans notre galerie \u00e0 Valence. L&rsquo;exposition \u00ab\u00a0Balade citadine\u00a0\u00bb ouvre grand les portes de l\u2019imaginaire et permet une identification aux [&hellip;]<\/p>\n","protected":false},"author":3,"featured_media":0,"comment_status":"closed","ping_status":"closed","sticky":false,"template":"","format":"standard","meta":[],"categories":[1],"tags":[],"yoast_head":"<!-- This site is optimized with the Yoast SEO plugin v17.2 - https:\/\/yoast.com\/wordpress\/plugins\/seo\/ -->\n<title>Exposition\u00a0Christian Raffin\u00a0\u00ab\u00a0Balade citadine\u00a0\u00bb - Galerie Bost Art contemporain<\/title>\n<meta name=\"description\" content=\"L&#039;exposition Christian Raffin \u00ab Balade citadine \u00bb nous emm\u00e8ne en balade au c\u0153ur de la ville \u00e0 travers ses peintures urbaines.\" \/>\n<meta name=\"robots\" content=\"index, follow, max-snippet:-1, max-image-preview:large, max-video-preview:-1\" \/>\n<link rel=\"canonical\" href=\"https:\/\/galerie-bost.com\/index.php\/2019\/09\/17\/exposition-christian-raffin-balade-citadine\/\" \/>\n<meta property=\"og:locale\" content=\"fr_FR\" \/>\n<meta property=\"og:type\" content=\"article\" \/>\n<meta property=\"og:title\" content=\"Exposition\u00a0Christian Raffin\u00a0\u00ab\u00a0Balade citadine\u00a0\u00bb - Galerie Bost Art contemporain\" \/>\n<meta property=\"og:description\" content=\"L&#039;exposition Christian Raffin \u00ab Balade citadine \u00bb nous emm\u00e8ne en balade au c\u0153ur de la ville \u00e0 travers ses peintures urbaines.\" \/>\n<meta property=\"og:url\" content=\"https:\/\/galerie-bost.com\/index.php\/2019\/09\/17\/exposition-christian-raffin-balade-citadine\/\" \/>\n<meta property=\"og:site_name\" content=\"Galerie Bost\" \/>\n<meta property=\"article:published_time\" content=\"2019-09-17T15:25:28+00:00\" \/>\n<meta property=\"article:modified_time\" content=\"2021-11-03T15:13:12+00:00\" \/>\n<meta property=\"og:image\" content=\"https:\/\/galerie-bost.com\/wp-content\/uploads\/2019\/09\/FB-Raffin-BOST-300x211.jpg\" \/>\n<meta name=\"twitter:card\" content=\"summary_large_image\" \/>\n<meta name=\"twitter:label1\" content=\"\u00c9crit par\" \/>\n\t<meta name=\"twitter:data1\" content=\"Isabelle Bost\" \/>\n\t<meta name=\"twitter:label2\" content=\"Dur\u00e9e de lecture est.\" \/>\n\t<meta name=\"twitter:data2\" content=\"2 minutes\" \/>\n<script type=\"application\/ld+json\" class=\"yoast-schema-graph\">{\"@context\":\"https:\/\/schema.org\",\"@graph\":[{\"@type\":\"Organization\",\"@id\":\"https:\/\/galerie-bost.com\/#organization\",\"name\":\"Galerie Bost\",\"url\":\"https:\/\/galerie-bost.com\/\",\"sameAs\":[],\"logo\":{\"@type\":\"ImageObject\",\"@id\":\"https:\/\/galerie-bost.com\/#logo\",\"inLanguage\":\"fr-FR\",\"url\":\"https:\/\/galerie-bost.com\/wp-content\/uploads\/2017\/11\/logoBost1.png\",\"contentUrl\":\"https:\/\/galerie-bost.com\/wp-content\/uploads\/2017\/11\/logoBost1.png\",\"width\":280,\"height\":47,\"caption\":\"Galerie Bost\"},\"image\":{\"@id\":\"https:\/\/galerie-bost.com\/#logo\"}},{\"@type\":\"WebSite\",\"@id\":\"https:\/\/galerie-bost.com\/#website\",\"url\":\"https:\/\/galerie-bost.com\/\",\"name\":\"Galerie Bost\",\"description\":\"Galerie d&#039;art contemporain. Toile et d\\u00e9coration\",\"publisher\":{\"@id\":\"https:\/\/galerie-bost.com\/#organization\"},\"potentialAction\":[{\"@type\":\"SearchAction\",\"target\":{\"@type\":\"EntryPoint\",\"urlTemplate\":\"https:\/\/galerie-bost.com\/?s={search_term_string}\"},\"query-input\":\"required name=search_term_string\"}],\"inLanguage\":\"fr-FR\"},{\"@type\":\"ImageObject\",\"@id\":\"https:\/\/galerie-bost.com\/index.php\/2019\/09\/17\/exposition-christian-raffin-balade-citadine\/#primaryimage\",\"inLanguage\":\"fr-FR\",\"url\":\"https:\/\/galerie-bost.com\/wp-content\/uploads\/2019\/09\/FB-Raffin-BOST.jpg\",\"contentUrl\":\"https:\/\/galerie-bost.com\/wp-content\/uploads\/2019\/09\/FB-Raffin-BOST.jpg\",\"width\":2480,\"height\":1748},{\"@type\":\"WebPage\",\"@id\":\"https:\/\/galerie-bost.com\/index.php\/2019\/09\/17\/exposition-christian-raffin-balade-citadine\/#webpage\",\"url\":\"https:\/\/galerie-bost.com\/index.php\/2019\/09\/17\/exposition-christian-raffin-balade-citadine\/\",\"name\":\"Exposition\\u00a0Christian Raffin\\u00a0\\u00ab\\u00a0Balade citadine\\u00a0\\u00bb - Galerie Bost Art contemporain\",\"isPartOf\":{\"@id\":\"https:\/\/galerie-bost.com\/#website\"},\"primaryImageOfPage\":{\"@id\":\"https:\/\/galerie-bost.com\/index.php\/2019\/09\/17\/exposition-christian-raffin-balade-citadine\/#primaryimage\"},\"datePublished\":\"2019-09-17T15:25:28+00:00\",\"dateModified\":\"2021-11-03T15:13:12+00:00\",\"description\":\"L'exposition Christian Raffin \\u00ab Balade citadine \\u00bb nous emm\\u00e8ne en balade au c\\u0153ur de la ville \\u00e0 travers ses peintures urbaines.\",\"breadcrumb\":{\"@id\":\"https:\/\/galerie-bost.com\/index.php\/2019\/09\/17\/exposition-christian-raffin-balade-citadine\/#breadcrumb\"},\"inLanguage\":\"fr-FR\",\"potentialAction\":[{\"@type\":\"ReadAction\",\"target\":[\"https:\/\/galerie-bost.com\/index.php\/2019\/09\/17\/exposition-christian-raffin-balade-citadine\/\"]}]},{\"@type\":\"BreadcrumbList\",\"@id\":\"https:\/\/galerie-bost.com\/index.php\/2019\/09\/17\/exposition-christian-raffin-balade-citadine\/#breadcrumb\",\"itemListElement\":[{\"@type\":\"ListItem\",\"position\":1,\"name\":\"Exposition\\u00a0Christian Raffin\\u00a0\\u00ab\\u00a0Balade citadine\\u00a0\\u00bb du 21 septembre au 26 octobre 2019\"}]},{\"@type\":\"Article\",\"@id\":\"https:\/\/galerie-bost.com\/index.php\/2019\/09\/17\/exposition-christian-raffin-balade-citadine\/#article\",\"isPartOf\":{\"@id\":\"https:\/\/galerie-bost.com\/index.php\/2019\/09\/17\/exposition-christian-raffin-balade-citadine\/#webpage\"},\"author\":{\"@id\":\"https:\/\/galerie-bost.com\/#\/schema\/person\/8f53a132d905888ee6a95eff87c6f578\"},\"headline\":\"Exposition\\u00a0Christian Raffin\\u00a0\\u00ab\\u00a0Balade citadine\\u00a0\\u00bb du 21 septembre au 26 octobre 2019\",\"datePublished\":\"2019-09-17T15:25:28+00:00\",\"dateModified\":\"2021-11-03T15:13:12+00:00\",\"mainEntityOfPage\":{\"@id\":\"https:\/\/galerie-bost.com\/index.php\/2019\/09\/17\/exposition-christian-raffin-balade-citadine\/#webpage\"},\"wordCount\":378,\"publisher\":{\"@id\":\"https:\/\/galerie-bost.com\/#organization\"},\"image\":{\"@id\":\"https:\/\/galerie-bost.com\/index.php\/2019\/09\/17\/exposition-christian-raffin-balade-citadine\/#primaryimage\"},\"thumbnailUrl\":\"https:\/\/galerie-bost.com\/wp-content\/uploads\/2019\/09\/FB-Raffin-BOST-300x211.jpg\",\"inLanguage\":\"fr-FR\"},{\"@type\":\"Person\",\"@id\":\"https:\/\/galerie-bost.com\/#\/schema\/person\/8f53a132d905888ee6a95eff87c6f578\",\"name\":\"Isabelle Bost\",\"image\":{\"@type\":\"ImageObject\",\"@id\":\"https:\/\/galerie-bost.com\/#personlogo\",\"inLanguage\":\"fr-FR\",\"url\":\"https:\/\/secure.gravatar.com\/avatar\/923f969b56f96edcb7b809a86b40ea65?s=96&d=mm&r=g\",\"contentUrl\":\"https:\/\/secure.gravatar.com\/avatar\/923f969b56f96edcb7b809a86b40ea65?s=96&d=mm&r=g\",\"caption\":\"Isabelle Bost\"},\"url\":\"https:\/\/galerie-bost.com\/index.php\/author\/ibost\/\"}]}<\/script>\n<!-- \/ Yoast SEO plugin. -->","yoast_head_json":{"title":"Exposition\u00a0Christian Raffin\u00a0\u00ab\u00a0Balade citadine\u00a0\u00bb - Galerie Bost Art contemporain","description":"L'exposition Christian Raffin \u00ab Balade citadine \u00bb nous emm\u00e8ne en balade au c\u0153ur de la ville \u00e0 travers ses peintures urbaines.","robots":{"index":"index","follow":"follow","max-snippet":"max-snippet:-1","max-image-preview":"max-image-preview:large","max-video-preview":"max-video-preview:-1"},"canonical":"https:\/\/galerie-bost.com\/index.php\/2019\/09\/17\/exposition-christian-raffin-balade-citadine\/","og_locale":"fr_FR","og_type":"article","og_title":"Exposition\u00a0Christian Raffin\u00a0\u00ab\u00a0Balade citadine\u00a0\u00bb - Galerie Bost Art contemporain","og_description":"L'exposition Christian Raffin \u00ab Balade citadine \u00bb nous emm\u00e8ne en balade au c\u0153ur de la ville \u00e0 travers ses peintures urbaines.","og_url":"https:\/\/galerie-bost.com\/index.php\/2019\/09\/17\/exposition-christian-raffin-balade-citadine\/","og_site_name":"Galerie Bost","article_published_time":"2019-09-17T15:25:28+00:00","article_modified_time":"2021-11-03T15:13:12+00:00","og_image":[{"url":"https:\/\/galerie-bost.com\/wp-content\/uploads\/2019\/09\/FB-Raffin-BOST-300x211.jpg"}],"twitter_card":"summary_large_image","twitter_misc":{"\u00c9crit par":"Isabelle Bost","Dur\u00e9e de lecture est.":"2 minutes"},"schema":{"@context":"https:\/\/schema.org","@graph":[{"@type":"Organization","@id":"https:\/\/galerie-bost.com\/#organization","name":"Galerie Bost","url":"https:\/\/galerie-bost.com\/","sameAs":[],"logo":{"@type":"ImageObject","@id":"https:\/\/galerie-bost.com\/#logo","inLanguage":"fr-FR","url":"https:\/\/galerie-bost.com\/wp-content\/uploads\/2017\/11\/logoBost1.png","contentUrl":"https:\/\/galerie-bost.com\/wp-content\/uploads\/2017\/11\/logoBost1.png","width":280,"height":47,"caption":"Galerie Bost"},"image":{"@id":"https:\/\/galerie-bost.com\/#logo"}},{"@type":"WebSite","@id":"https:\/\/galerie-bost.com\/#website","url":"https:\/\/galerie-bost.com\/","name":"Galerie Bost","description":"Galerie d&#039;art contemporain. Toile et d\u00e9coration","publisher":{"@id":"https:\/\/galerie-bost.com\/#organization"},"potentialAction":[{"@type":"SearchAction","target":{"@type":"EntryPoint","urlTemplate":"https:\/\/galerie-bost.com\/?s={search_term_string}"},"query-input":"required name=search_term_string"}],"inLanguage":"fr-FR"},{"@type":"ImageObject","@id":"https:\/\/galerie-bost.com\/index.php\/2019\/09\/17\/exposition-christian-raffin-balade-citadine\/#primaryimage","inLanguage":"fr-FR","url":"https:\/\/galerie-bost.com\/wp-content\/uploads\/2019\/09\/FB-Raffin-BOST.jpg","contentUrl":"https:\/\/galerie-bost.com\/wp-content\/uploads\/2019\/09\/FB-Raffin-BOST.jpg","width":2480,"height":1748},{"@type":"WebPage","@id":"https:\/\/galerie-bost.com\/index.php\/2019\/09\/17\/exposition-christian-raffin-balade-citadine\/#webpage","url":"https:\/\/galerie-bost.com\/index.php\/2019\/09\/17\/exposition-christian-raffin-balade-citadine\/","name":"Exposition\u00a0Christian Raffin\u00a0\u00ab\u00a0Balade citadine\u00a0\u00bb - Galerie Bost Art contemporain","isPartOf":{"@id":"https:\/\/galerie-bost.com\/#website"},"primaryImageOfPage":{"@id":"https:\/\/galerie-bost.com\/index.php\/2019\/09\/17\/exposition-christian-raffin-balade-citadine\/#primaryimage"},"datePublished":"2019-09-17T15:25:28+00:00","dateModified":"2021-11-03T15:13:12+00:00","description":"L'exposition Christian Raffin \u00ab Balade citadine \u00bb nous emm\u00e8ne en balade au c\u0153ur de la ville \u00e0 travers ses peintures urbaines.","breadcrumb":{"@id":"https:\/\/galerie-bost.com\/index.php\/2019\/09\/17\/exposition-christian-raffin-balade-citadine\/#breadcrumb"},"inLanguage":"fr-FR","potentialAction":[{"@type":"ReadAction","target":["https:\/\/galerie-bost.com\/index.php\/2019\/09\/17\/exposition-christian-raffin-balade-citadine\/"]}]},{"@type":"BreadcrumbList","@id":"https:\/\/galerie-bost.com\/index.php\/2019\/09\/17\/exposition-christian-raffin-balade-citadine\/#breadcrumb","itemListElement":[{"@type":"ListItem","position":1,"name":"Exposition\u00a0Christian Raffin\u00a0\u00ab\u00a0Balade citadine\u00a0\u00bb du 21 septembre au 26 octobre 2019"}]},{"@type":"Article","@id":"https:\/\/galerie-bost.com\/index.php\/2019\/09\/17\/exposition-christian-raffin-balade-citadine\/#article","isPartOf":{"@id":"https:\/\/galerie-bost.com\/index.php\/2019\/09\/17\/exposition-christian-raffin-balade-citadine\/#webpage"},"author":{"@id":"https:\/\/galerie-bost.com\/#\/schema\/person\/8f53a132d905888ee6a95eff87c6f578"},"headline":"Exposition\u00a0Christian Raffin\u00a0\u00ab\u00a0Balade citadine\u00a0\u00bb du 21 septembre au 26 octobre 2019","datePublished":"2019-09-17T15:25:28+00:00","dateModified":"2021-11-03T15:13:12+00:00","mainEntityOfPage":{"@id":"https:\/\/galerie-bost.com\/index.php\/2019\/09\/17\/exposition-christian-raffin-balade-citadine\/#webpage"},"wordCount":378,"publisher":{"@id":"https:\/\/galerie-bost.com\/#organization"},"image":{"@id":"https:\/\/galerie-bost.com\/index.php\/2019\/09\/17\/exposition-christian-raffin-balade-citadine\/#primaryimage"},"thumbnailUrl":"https:\/\/galerie-bost.com\/wp-content\/uploads\/2019\/09\/FB-Raffin-BOST-300x211.jpg","inLanguage":"fr-FR"},{"@type":"Person","@id":"https:\/\/galerie-bost.com\/#\/schema\/person\/8f53a132d905888ee6a95eff87c6f578","name":"Isabelle Bost","image":{"@type":"ImageObject","@id":"https:\/\/galerie-bost.com\/#personlogo","inLanguage":"fr-FR","url":"https:\/\/secure.gravatar.com\/avatar\/923f969b56f96edcb7b809a86b40ea65?s=96&d=mm&r=g","contentUrl":"https:\/\/secure.gravatar.com\/avatar\/923f969b56f96edcb7b809a86b40ea65?s=96&d=mm&r=g","caption":"Isabelle Bost"},"url":"https:\/\/galerie-bost.com\/index.php\/author\/ibost\/"}]}},"_links":{"self":[{"href":"https:\/\/galerie-bost.com\/index.php\/wp-json\/wp\/v2\/posts\/1842"}],"collection":[{"href":"https:\/\/galerie-bost.com\/index.php\/wp-json\/wp\/v2\/posts"}],"about":[{"href":"https:\/\/galerie-bost.com\/index.php\/wp-json\/wp\/v2\/types\/post"}],"author":[{"embeddable":true,"href":"https:\/\/galerie-bost.com\/index.php\/wp-json\/wp\/v2\/users\/3"}],"replies":[{"embeddable":true,"href":"https:\/\/galerie-bost.com\/index.php\/wp-json\/wp\/v2\/comments?post=1842"}],"version-history":[{"count":4,"href":"https:\/\/galerie-bost.com\/index.php\/wp-json\/wp\/v2\/posts\/1842\/revisions"}],"predecessor-version":[{"id":11672,"href":"https:\/\/galerie-bost.com\/index.php\/wp-json\/wp\/v2\/posts\/1842\/revisions\/11672"}],"wp:attachment":[{"href":"https:\/\/galerie-bost.com\/index.php\/wp-json\/wp\/v2\/media?parent=1842"}],"wp:term":[{"taxonomy":"category","embeddable":true,"href":"https:\/\/galerie-bost.com\/index.php\/wp-json\/wp\/v2\/categories?post=1842"},{"taxonomy":"post_tag","embeddable":true,"href":"https:\/\/galerie-bost.com\/index.php\/wp-json\/wp\/v2\/tags?post=1842"}],"curies":[{"name":"wp","href":"https:\/\/api.w.org\/{rel}","templated":true}]}}