{"id":1768,"date":"2019-05-24T16:08:27","date_gmt":"2019-05-24T14:08:27","guid":{"rendered":"https:\/\/galerie-bost.com\/?p=1768"},"modified":"2021-11-03T16:13:24","modified_gmt":"2021-11-03T15:13:24","slug":"exposition-leslie-berthet-laval-impressions-urbaines","status":"publish","type":"post","link":"https:\/\/galerie-bost.com\/index.php\/2019\/05\/24\/exposition-leslie-berthet-laval-impressions-urbaines\/","title":{"rendered":"Exposition Leslie Berthet Laval \u00ab\u00a0Impressions Urbaines\u00a0\u00bb du 25 mai au 30 juin 2019"},"content":{"rendered":"<p data-pm-slice=\"1 1 []\">Retrouvez les ambiances urbaines de Leslie Berthet Laval pour une exposition exceptionnelle du 25 mai au 30 juin. Cette <strong>exposition de Leslie Berthet Laval intitul\u00e9e \u00ab\u00a0Impressions Urbaines\u00a0\u00bb<\/strong> pr\u00e9sente quelques tableaux urbains de l&rsquo;artiste de mani\u00e8re exceptionnelle dans notre galerie \u00e0 Valence.<\/p>\n<p data-pm-slice=\"1 1 []\"><img loading=\"lazy\" class=\"wp-image-1772 size-medium aligncenter\" src=\"https:\/\/galerie-bost.com\/wp-content\/uploads\/2019\/05\/FaceBook-Berthet-BOST-300x211.jpg\" alt=\"Exposition de Leslie Berthet Laval Impressions urbaines\" width=\"300\" height=\"211\" srcset=\"https:\/\/galerie-bost.com\/wp-content\/uploads\/2019\/05\/FaceBook-Berthet-BOST-300x211.jpg 300w, https:\/\/galerie-bost.com\/wp-content\/uploads\/2019\/05\/FaceBook-Berthet-BOST-768x541.jpg 768w, https:\/\/galerie-bost.com\/wp-content\/uploads\/2019\/05\/FaceBook-Berthet-BOST-1024x722.jpg 1024w\" sizes=\"(max-width: 300px) 100vw, 300px\" \/><\/p>\n<p data-pm-slice=\"1 1 []\">\n<p>Esth\u00e9tisme, \u00e9motions, couleurs, perspectives, lignes de fuite sont autant de portes d\u2019entr\u00e9es vers l\u2019univers de l\u2019artiste, sa fa\u00e7on d\u2019appr\u00e9hender le monde et en particulier l\u2019\u00eatre humain \u00ab physiquement \u00bb absent mais tellement pr\u00e9sent dans l\u2019hommage qui lui est rendu \u00e0 travers l\u2019\u0153uvre architecturale qu\u2019il a r\u00e9alis\u00e9 depuis la nuit des temps.<\/p>\n<div class=\"fabric-editor-block-mark fabric-editor-align-center\" data-align=\"center\">\n<p style=\"text-align: center;\"><strong>Exposition <a href=\"https:\/\/leslieberthetlaval.fr\/\">Leslie Berthet Laval<\/a> \u00ab\u00a0Impressions Urbaines\u00a0\u00bb<\/strong>\u00a0du 25 mai au 30 juin 2019 dans Galerie Bost, Valence<\/p>\n<\/div>\n<hr \/>\n<h6><span style=\"color: #808080;\">La Galerie Bost art contemporain est une r\u00e9f\u00e9rence dans la <a href=\"https:\/\/www.google.de\/maps\/place\/GALERIE+BOST\/@44.9326186,4.8989023,12.99z\/data=!4m5!3m4!1s0x47f559d2b570496d:0x1d71411ad684d2f0!8m2!3d44.9329827!4d4.8908496\">ville de Valence, dans la Dr\u00f4me en France<\/a>.<\/span><\/h6>\n<p>Elle repr\u00e9sente depuis plus de dix ans des <a href=\"https:\/\/galerie-bost.com\/index.php\/portfolio\/\">artistes contemporains<\/a>, jeunes talents ou cr\u00e9ateurs de renom, peintres et sculpteurs. Entre autres, <a href=\"https:\/\/galerie-bost.com\/index.php\/portfolio\/christine-barres\/\">Christine Barr\u00e8s<\/a>, <a href=\"https:\/\/galerie-bost.com\/index.php\/portfolio\/eric-munsch\/\">Eric Munsch<\/a>, <a href=\"https:\/\/galerie-bost.com\/index.php\/portfolio\/david-jamin\/\">David Jamin<\/a> et <a href=\"https:\/\/galerie-bost.com\/index.php\/portfolio\/christian-raffin\/\">Christian Raffin<\/a> comptent parmi les artistes que la galerie Bost art contemporain accompagne dans leur trajectoire artistique. Ces artistes ont en commun une expression contemporaine figurative ou plus abstraite et souvent color\u00e9e du et des mondes qui les entourent et les habitent.<\/p>\n<p>Par le biais d\u2019une exposition permanente d\u2019oeuvres de l\u2019ensemble des artistes repr\u00e9sent\u00e9s par la Galerie Bost art contemporain ainsi que d\u2019<a href=\"https:\/\/galerie-bost.com\/index.php\/les-actualites\/\">expositions individuelles r\u00e9guli\u00e8res<\/a> comme celle de <a href=\"https:\/\/galerie-bost.com\/index.php\/portfolio\/david-jamin\/\">David Jamin<\/a>, <a href=\"https:\/\/galerie-bost.com\/index.php\/portfolio\/christine-barres\/\">Christine Barr\u00e8s<\/a>, <a href=\"https:\/\/galerie-bost.com\/index.php\/portfolio\/christian-raffin\/\">Christian Raffin<\/a> et <a href=\"https:\/\/galerie-bost.com\/index.php\/portfolio\/eric-munsch\/\">Eric Munsch<\/a>, les amateurs d\u2019art pourront ainsi acqu\u00e9rir des tableaux et des sculptures contemporaines, originales et de qualit\u00e9, qui sauront les faire r\u00eaver, penser, colorer et rendre vivant leur int\u00e9rieur. Petits formats et grands formats sont ainsi accessibles \u00e0 la Galerie Bost art contemporain.<\/p>\n","protected":false},"excerpt":{"rendered":"<p>Retrouvez les ambiances urbaines de Leslie Berthet Laval pour une exposition exceptionnelle du 25 mai au 30 juin. Cette exposition de Leslie Berthet Laval intitul\u00e9e \u00ab\u00a0Impressions Urbaines\u00a0\u00bb pr\u00e9sente quelques tableaux urbains de l&rsquo;artiste de mani\u00e8re exceptionnelle dans notre galerie \u00e0 Valence. Esth\u00e9tisme, \u00e9motions, couleurs, perspectives, lignes de fuite sont autant de portes d\u2019entr\u00e9es vers l\u2019univers [&hellip;]<\/p>\n","protected":false},"author":3,"featured_media":0,"comment_status":"closed","ping_status":"closed","sticky":false,"template":"","format":"standard","meta":[],"categories":[1],"tags":[],"yoast_head":"<!-- This site is optimized with the Yoast SEO plugin v17.2 - https:\/\/yoast.com\/wordpress\/plugins\/seo\/ -->\n<title>Exposition Leslie Berthet Laval \u00ab\u00a0Impressions Urbaines\u00a0\u00bb - Galerie Bost Art Contemporain<\/title>\n<meta name=\"description\" content=\"L&#039;exposition de Leslie Berthet Laval, \u00ab\u00a0Impressions Urbaines\u00a0\u00bb, pr\u00e9sente quelques tableaux de l&#039;artiste exceptionnellement dans notre galerie\" \/>\n<meta name=\"robots\" content=\"index, follow, max-snippet:-1, max-image-preview:large, max-video-preview:-1\" \/>\n<link rel=\"canonical\" href=\"https:\/\/galerie-bost.com\/index.php\/2019\/05\/24\/exposition-leslie-berthet-laval-impressions-urbaines\/\" \/>\n<meta property=\"og:locale\" content=\"fr_FR\" \/>\n<meta property=\"og:type\" content=\"article\" \/>\n<meta property=\"og:title\" content=\"Exposition Leslie Berthet Laval \u00ab\u00a0Impressions Urbaines\u00a0\u00bb - Galerie Bost Art Contemporain\" \/>\n<meta property=\"og:description\" content=\"L&#039;exposition de Leslie Berthet Laval, \u00ab\u00a0Impressions Urbaines\u00a0\u00bb, pr\u00e9sente quelques tableaux de l&#039;artiste exceptionnellement dans notre galerie\" \/>\n<meta property=\"og:url\" content=\"https:\/\/galerie-bost.com\/index.php\/2019\/05\/24\/exposition-leslie-berthet-laval-impressions-urbaines\/\" \/>\n<meta property=\"og:site_name\" content=\"Galerie Bost\" \/>\n<meta property=\"article:published_time\" content=\"2019-05-24T14:08:27+00:00\" \/>\n<meta property=\"article:modified_time\" content=\"2021-11-03T15:13:24+00:00\" \/>\n<meta property=\"og:image\" content=\"https:\/\/galerie-bost.com\/wp-content\/uploads\/2019\/05\/FaceBook-Berthet-BOST-300x211.jpg\" \/>\n<meta name=\"twitter:card\" content=\"summary_large_image\" \/>\n<meta name=\"twitter:label1\" content=\"\u00c9crit par\" \/>\n\t<meta name=\"twitter:data1\" content=\"Isabelle Bost\" \/>\n\t<meta name=\"twitter:label2\" content=\"Dur\u00e9e de lecture est.\" \/>\n\t<meta name=\"twitter:data2\" content=\"2 minutes\" \/>\n<script type=\"application\/ld+json\" class=\"yoast-schema-graph\">{\"@context\":\"https:\/\/schema.org\",\"@graph\":[{\"@type\":\"Organization\",\"@id\":\"https:\/\/galerie-bost.com\/#organization\",\"name\":\"Galerie Bost\",\"url\":\"https:\/\/galerie-bost.com\/\",\"sameAs\":[],\"logo\":{\"@type\":\"ImageObject\",\"@id\":\"https:\/\/galerie-bost.com\/#logo\",\"inLanguage\":\"fr-FR\",\"url\":\"https:\/\/galerie-bost.com\/wp-content\/uploads\/2017\/11\/logoBost1.png\",\"contentUrl\":\"https:\/\/galerie-bost.com\/wp-content\/uploads\/2017\/11\/logoBost1.png\",\"width\":280,\"height\":47,\"caption\":\"Galerie Bost\"},\"image\":{\"@id\":\"https:\/\/galerie-bost.com\/#logo\"}},{\"@type\":\"WebSite\",\"@id\":\"https:\/\/galerie-bost.com\/#website\",\"url\":\"https:\/\/galerie-bost.com\/\",\"name\":\"Galerie Bost\",\"description\":\"Galerie d&#039;art contemporain. Toile et d\\u00e9coration\",\"publisher\":{\"@id\":\"https:\/\/galerie-bost.com\/#organization\"},\"potentialAction\":[{\"@type\":\"SearchAction\",\"target\":{\"@type\":\"EntryPoint\",\"urlTemplate\":\"https:\/\/galerie-bost.com\/?s={search_term_string}\"},\"query-input\":\"required name=search_term_string\"}],\"inLanguage\":\"fr-FR\"},{\"@type\":\"ImageObject\",\"@id\":\"https:\/\/galerie-bost.com\/index.php\/2019\/05\/24\/exposition-leslie-berthet-laval-impressions-urbaines\/#primaryimage\",\"inLanguage\":\"fr-FR\",\"url\":\"https:\/\/galerie-bost.com\/wp-content\/uploads\/2019\/05\/FaceBook-Berthet-BOST.jpg\",\"contentUrl\":\"https:\/\/galerie-bost.com\/wp-content\/uploads\/2019\/05\/FaceBook-Berthet-BOST.jpg\",\"width\":2480,\"height\":1748},{\"@type\":\"WebPage\",\"@id\":\"https:\/\/galerie-bost.com\/index.php\/2019\/05\/24\/exposition-leslie-berthet-laval-impressions-urbaines\/#webpage\",\"url\":\"https:\/\/galerie-bost.com\/index.php\/2019\/05\/24\/exposition-leslie-berthet-laval-impressions-urbaines\/\",\"name\":\"Exposition Leslie Berthet Laval \\u00ab\\u00a0Impressions Urbaines\\u00a0\\u00bb - Galerie Bost Art Contemporain\",\"isPartOf\":{\"@id\":\"https:\/\/galerie-bost.com\/#website\"},\"primaryImageOfPage\":{\"@id\":\"https:\/\/galerie-bost.com\/index.php\/2019\/05\/24\/exposition-leslie-berthet-laval-impressions-urbaines\/#primaryimage\"},\"datePublished\":\"2019-05-24T14:08:27+00:00\",\"dateModified\":\"2021-11-03T15:13:24+00:00\",\"description\":\"L'exposition de Leslie Berthet Laval, \\u00ab\\u00a0Impressions Urbaines\\u00a0\\u00bb, pr\\u00e9sente quelques tableaux de l'artiste exceptionnellement dans notre galerie\",\"breadcrumb\":{\"@id\":\"https:\/\/galerie-bost.com\/index.php\/2019\/05\/24\/exposition-leslie-berthet-laval-impressions-urbaines\/#breadcrumb\"},\"inLanguage\":\"fr-FR\",\"potentialAction\":[{\"@type\":\"ReadAction\",\"target\":[\"https:\/\/galerie-bost.com\/index.php\/2019\/05\/24\/exposition-leslie-berthet-laval-impressions-urbaines\/\"]}]},{\"@type\":\"BreadcrumbList\",\"@id\":\"https:\/\/galerie-bost.com\/index.php\/2019\/05\/24\/exposition-leslie-berthet-laval-impressions-urbaines\/#breadcrumb\",\"itemListElement\":[{\"@type\":\"ListItem\",\"position\":1,\"name\":\"Exposition Leslie Berthet Laval \\u00ab\\u00a0Impressions Urbaines\\u00a0\\u00bb du 25 mai au 30 juin 2019\"}]},{\"@type\":\"Article\",\"@id\":\"https:\/\/galerie-bost.com\/index.php\/2019\/05\/24\/exposition-leslie-berthet-laval-impressions-urbaines\/#article\",\"isPartOf\":{\"@id\":\"https:\/\/galerie-bost.com\/index.php\/2019\/05\/24\/exposition-leslie-berthet-laval-impressions-urbaines\/#webpage\"},\"author\":{\"@id\":\"https:\/\/galerie-bost.com\/#\/schema\/person\/8f53a132d905888ee6a95eff87c6f578\"},\"headline\":\"Exposition Leslie Berthet Laval \\u00ab\\u00a0Impressions Urbaines\\u00a0\\u00bb du 25 mai au 30 juin 2019\",\"datePublished\":\"2019-05-24T14:08:27+00:00\",\"dateModified\":\"2021-11-03T15:13:24+00:00\",\"mainEntityOfPage\":{\"@id\":\"https:\/\/galerie-bost.com\/index.php\/2019\/05\/24\/exposition-leslie-berthet-laval-impressions-urbaines\/#webpage\"},\"wordCount\":311,\"publisher\":{\"@id\":\"https:\/\/galerie-bost.com\/#organization\"},\"image\":{\"@id\":\"https:\/\/galerie-bost.com\/index.php\/2019\/05\/24\/exposition-leslie-berthet-laval-impressions-urbaines\/#primaryimage\"},\"thumbnailUrl\":\"https:\/\/galerie-bost.com\/wp-content\/uploads\/2019\/05\/FaceBook-Berthet-BOST-300x211.jpg\",\"inLanguage\":\"fr-FR\"},{\"@type\":\"Person\",\"@id\":\"https:\/\/galerie-bost.com\/#\/schema\/person\/8f53a132d905888ee6a95eff87c6f578\",\"name\":\"Isabelle Bost\",\"image\":{\"@type\":\"ImageObject\",\"@id\":\"https:\/\/galerie-bost.com\/#personlogo\",\"inLanguage\":\"fr-FR\",\"url\":\"https:\/\/secure.gravatar.com\/avatar\/923f969b56f96edcb7b809a86b40ea65?s=96&d=mm&r=g\",\"contentUrl\":\"https:\/\/secure.gravatar.com\/avatar\/923f969b56f96edcb7b809a86b40ea65?s=96&d=mm&r=g\",\"caption\":\"Isabelle Bost\"},\"url\":\"https:\/\/galerie-bost.com\/index.php\/author\/ibost\/\"}]}<\/script>\n<!-- \/ Yoast SEO plugin. -->","yoast_head_json":{"title":"Exposition Leslie Berthet Laval \u00ab\u00a0Impressions Urbaines\u00a0\u00bb - Galerie Bost Art Contemporain","description":"L'exposition de Leslie Berthet Laval, \u00ab\u00a0Impressions Urbaines\u00a0\u00bb, pr\u00e9sente quelques tableaux de l'artiste exceptionnellement dans notre galerie","robots":{"index":"index","follow":"follow","max-snippet":"max-snippet:-1","max-image-preview":"max-image-preview:large","max-video-preview":"max-video-preview:-1"},"canonical":"https:\/\/galerie-bost.com\/index.php\/2019\/05\/24\/exposition-leslie-berthet-laval-impressions-urbaines\/","og_locale":"fr_FR","og_type":"article","og_title":"Exposition Leslie Berthet Laval \u00ab\u00a0Impressions Urbaines\u00a0\u00bb - Galerie Bost Art Contemporain","og_description":"L'exposition de Leslie Berthet Laval, \u00ab\u00a0Impressions Urbaines\u00a0\u00bb, pr\u00e9sente quelques tableaux de l'artiste exceptionnellement dans notre galerie","og_url":"https:\/\/galerie-bost.com\/index.php\/2019\/05\/24\/exposition-leslie-berthet-laval-impressions-urbaines\/","og_site_name":"Galerie Bost","article_published_time":"2019-05-24T14:08:27+00:00","article_modified_time":"2021-11-03T15:13:24+00:00","og_image":[{"url":"https:\/\/galerie-bost.com\/wp-content\/uploads\/2019\/05\/FaceBook-Berthet-BOST-300x211.jpg"}],"twitter_card":"summary_large_image","twitter_misc":{"\u00c9crit par":"Isabelle Bost","Dur\u00e9e de lecture est.":"2 minutes"},"schema":{"@context":"https:\/\/schema.org","@graph":[{"@type":"Organization","@id":"https:\/\/galerie-bost.com\/#organization","name":"Galerie Bost","url":"https:\/\/galerie-bost.com\/","sameAs":[],"logo":{"@type":"ImageObject","@id":"https:\/\/galerie-bost.com\/#logo","inLanguage":"fr-FR","url":"https:\/\/galerie-bost.com\/wp-content\/uploads\/2017\/11\/logoBost1.png","contentUrl":"https:\/\/galerie-bost.com\/wp-content\/uploads\/2017\/11\/logoBost1.png","width":280,"height":47,"caption":"Galerie Bost"},"image":{"@id":"https:\/\/galerie-bost.com\/#logo"}},{"@type":"WebSite","@id":"https:\/\/galerie-bost.com\/#website","url":"https:\/\/galerie-bost.com\/","name":"Galerie Bost","description":"Galerie d&#039;art contemporain. Toile et d\u00e9coration","publisher":{"@id":"https:\/\/galerie-bost.com\/#organization"},"potentialAction":[{"@type":"SearchAction","target":{"@type":"EntryPoint","urlTemplate":"https:\/\/galerie-bost.com\/?s={search_term_string}"},"query-input":"required name=search_term_string"}],"inLanguage":"fr-FR"},{"@type":"ImageObject","@id":"https:\/\/galerie-bost.com\/index.php\/2019\/05\/24\/exposition-leslie-berthet-laval-impressions-urbaines\/#primaryimage","inLanguage":"fr-FR","url":"https:\/\/galerie-bost.com\/wp-content\/uploads\/2019\/05\/FaceBook-Berthet-BOST.jpg","contentUrl":"https:\/\/galerie-bost.com\/wp-content\/uploads\/2019\/05\/FaceBook-Berthet-BOST.jpg","width":2480,"height":1748},{"@type":"WebPage","@id":"https:\/\/galerie-bost.com\/index.php\/2019\/05\/24\/exposition-leslie-berthet-laval-impressions-urbaines\/#webpage","url":"https:\/\/galerie-bost.com\/index.php\/2019\/05\/24\/exposition-leslie-berthet-laval-impressions-urbaines\/","name":"Exposition Leslie Berthet Laval \u00ab\u00a0Impressions Urbaines\u00a0\u00bb - Galerie Bost Art Contemporain","isPartOf":{"@id":"https:\/\/galerie-bost.com\/#website"},"primaryImageOfPage":{"@id":"https:\/\/galerie-bost.com\/index.php\/2019\/05\/24\/exposition-leslie-berthet-laval-impressions-urbaines\/#primaryimage"},"datePublished":"2019-05-24T14:08:27+00:00","dateModified":"2021-11-03T15:13:24+00:00","description":"L'exposition de Leslie Berthet Laval, \u00ab\u00a0Impressions Urbaines\u00a0\u00bb, pr\u00e9sente quelques tableaux de l'artiste exceptionnellement dans notre galerie","breadcrumb":{"@id":"https:\/\/galerie-bost.com\/index.php\/2019\/05\/24\/exposition-leslie-berthet-laval-impressions-urbaines\/#breadcrumb"},"inLanguage":"fr-FR","potentialAction":[{"@type":"ReadAction","target":["https:\/\/galerie-bost.com\/index.php\/2019\/05\/24\/exposition-leslie-berthet-laval-impressions-urbaines\/"]}]},{"@type":"BreadcrumbList","@id":"https:\/\/galerie-bost.com\/index.php\/2019\/05\/24\/exposition-leslie-berthet-laval-impressions-urbaines\/#breadcrumb","itemListElement":[{"@type":"ListItem","position":1,"name":"Exposition Leslie Berthet Laval \u00ab\u00a0Impressions Urbaines\u00a0\u00bb du 25 mai au 30 juin 2019"}]},{"@type":"Article","@id":"https:\/\/galerie-bost.com\/index.php\/2019\/05\/24\/exposition-leslie-berthet-laval-impressions-urbaines\/#article","isPartOf":{"@id":"https:\/\/galerie-bost.com\/index.php\/2019\/05\/24\/exposition-leslie-berthet-laval-impressions-urbaines\/#webpage"},"author":{"@id":"https:\/\/galerie-bost.com\/#\/schema\/person\/8f53a132d905888ee6a95eff87c6f578"},"headline":"Exposition Leslie Berthet Laval \u00ab\u00a0Impressions Urbaines\u00a0\u00bb du 25 mai au 30 juin 2019","datePublished":"2019-05-24T14:08:27+00:00","dateModified":"2021-11-03T15:13:24+00:00","mainEntityOfPage":{"@id":"https:\/\/galerie-bost.com\/index.php\/2019\/05\/24\/exposition-leslie-berthet-laval-impressions-urbaines\/#webpage"},"wordCount":311,"publisher":{"@id":"https:\/\/galerie-bost.com\/#organization"},"image":{"@id":"https:\/\/galerie-bost.com\/index.php\/2019\/05\/24\/exposition-leslie-berthet-laval-impressions-urbaines\/#primaryimage"},"thumbnailUrl":"https:\/\/galerie-bost.com\/wp-content\/uploads\/2019\/05\/FaceBook-Berthet-BOST-300x211.jpg","inLanguage":"fr-FR"},{"@type":"Person","@id":"https:\/\/galerie-bost.com\/#\/schema\/person\/8f53a132d905888ee6a95eff87c6f578","name":"Isabelle Bost","image":{"@type":"ImageObject","@id":"https:\/\/galerie-bost.com\/#personlogo","inLanguage":"fr-FR","url":"https:\/\/secure.gravatar.com\/avatar\/923f969b56f96edcb7b809a86b40ea65?s=96&d=mm&r=g","contentUrl":"https:\/\/secure.gravatar.com\/avatar\/923f969b56f96edcb7b809a86b40ea65?s=96&d=mm&r=g","caption":"Isabelle Bost"},"url":"https:\/\/galerie-bost.com\/index.php\/author\/ibost\/"}]}},"_links":{"self":[{"href":"https:\/\/galerie-bost.com\/index.php\/wp-json\/wp\/v2\/posts\/1768"}],"collection":[{"href":"https:\/\/galerie-bost.com\/index.php\/wp-json\/wp\/v2\/posts"}],"about":[{"href":"https:\/\/galerie-bost.com\/index.php\/wp-json\/wp\/v2\/types\/post"}],"author":[{"embeddable":true,"href":"https:\/\/galerie-bost.com\/index.php\/wp-json\/wp\/v2\/users\/3"}],"replies":[{"embeddable":true,"href":"https:\/\/galerie-bost.com\/index.php\/wp-json\/wp\/v2\/comments?post=1768"}],"version-history":[{"count":4,"href":"https:\/\/galerie-bost.com\/index.php\/wp-json\/wp\/v2\/posts\/1768\/revisions"}],"predecessor-version":[{"id":11674,"href":"https:\/\/galerie-bost.com\/index.php\/wp-json\/wp\/v2\/posts\/1768\/revisions\/11674"}],"wp:attachment":[{"href":"https:\/\/galerie-bost.com\/index.php\/wp-json\/wp\/v2\/media?parent=1768"}],"wp:term":[{"taxonomy":"category","embeddable":true,"href":"https:\/\/galerie-bost.com\/index.php\/wp-json\/wp\/v2\/categories?post=1768"},{"taxonomy":"post_tag","embeddable":true,"href":"https:\/\/galerie-bost.com\/index.php\/wp-json\/wp\/v2\/tags?post=1768"}],"curies":[{"name":"wp","href":"https:\/\/api.w.org\/{rel}","templated":true}]}}