{"id":1734,"date":"2019-04-12T13:50:40","date_gmt":"2019-04-12T11:50:40","guid":{"rendered":"https:\/\/galerie-bost.com\/?p=1734"},"modified":"2021-11-03T16:13:54","modified_gmt":"2021-11-03T15:13:54","slug":"exposition-christine-barres-colors","status":"publish","type":"post","link":"https:\/\/galerie-bost.com\/index.php\/2019\/04\/12\/exposition-christine-barres-colors\/","title":{"rendered":"Exposition Christine Barr\u00e8s \u00ab\u00a0Colors\u00a0\u00bb du 16 mars au 20 avril 2019"},"content":{"rendered":"<p data-pm-slice=\"1 1 []\"><a href=\"https:\/\/galerie-bost.com\/index.php\/portfolio\/christine-barres\/\"><strong>Christine Barr\u00e8s<\/strong><\/a><strong> pr\u00e9sente son<\/strong> <strong>exposition \u00ab Colors \u00bb<\/strong>, du 25 mai au 30 juin dans notre galerie \u00e0 Valence, o\u00f9 la couleur joue un r\u00f4le tr\u00e8s important dans ses tableaux de natures mortes, de paysages marins et de portraits tr\u00e8s contemporains.<\/p>\n<div data-node-type=\"mediaSingle\" data-layout=\"center\" data-width=\"\">\n<div title=\"Attachment\" data-id=\"\" data-node-type=\"media\" data-type=\"external\" data-collection=\"\" data-url=\"https:\/\/galerie-bost.com\/wp-content\/uploads\/2019\/02\/des-vins-et-des-parfums-...-Huile-sur-toile-80x80-cm-295x300.jpg\" data-alt=\"des vins et des parfums... - Huile sur toile - 80x80 cm\">\n<figure id=\"attachment_1674\" aria-describedby=\"caption-attachment-1674\" style=\"width: 295px\" class=\"wp-caption aligncenter\"><img loading=\"lazy\" class=\"wp-image-1674 size-medium\" src=\"https:\/\/galerie-bost.com\/wp-content\/uploads\/2019\/02\/des-vins-et-des-parfums-...-Huile-sur-toile-80x80-cm-295x300.jpg\" alt=\"Christine Barr\u00e8s - Des vins et des parfums... - Huile sur toile - 80x80 cm\" width=\"295\" height=\"300\" \/><figcaption id=\"caption-attachment-1674\" class=\"wp-caption-text\"><em>Christine Barr\u00e8s &#8211; Des vins et des parfums&#8230; &#8211; Huile sur toile &#8211; 80&#215;80 cm<\/em><\/figcaption><\/figure>\n<\/div>\n<\/div>\n<p>C\u2019est un travail color\u00e9 et rythm\u00e9 qui nous est propos\u00e9 avec des portraits, des natures mortes et des paysages marins.<\/p>\n<p>La couleur, tout est pr\u00e9texte \u00e0 la couleur dans ses toiles.<\/p>\n<p>Le travail de Christine Barr\u00e8s na\u00eet de la spontan\u00e9it\u00e9. Ses tableaux contemporains nous offrent un d\u00e9ferlement de couleurs, l\u2019impression est forte et en \u00e9mergent une magique harmonie et une grande vigueur.<\/p>\n<p><strong>Une exposition d\u2019art contemporain tr\u00e8s color\u00e9e, o\u00f9 vous pourrez d\u00e9couvrir jusqu&rsquo;\u00e0 25 nouvelles toiles.<\/strong><\/p>\n<figure id=\"attachment_1666\" aria-describedby=\"caption-attachment-1666\" style=\"width: 225px\" class=\"wp-caption aligncenter\"><img loading=\"lazy\" class=\"wp-image-1666 size-medium\" src=\"https:\/\/galerie-bost.com\/wp-content\/uploads\/2019\/02\/Amboise-Huile-sur-toile-116x73-cm-225x300.jpg\" alt=\"Christine Barr\u00e8s - Amboise - Huile sur toile - 116x73 cm\" width=\"225\" height=\"300\" \/><figcaption id=\"caption-attachment-1666\" class=\"wp-caption-text\"><em>Christine Barr\u00e8s &#8211; Amboise &#8211; Huile sur toile &#8211; 116&#215;73 cm<\/em><\/figcaption><\/figure>\n<p style=\"text-align: center;\"><strong>Exposition de <a href=\"https:\/\/www.christinebarres.fr\/\">Christine Barr\u00e8s<\/a>\u00a0<\/strong><strong>\u00ab Colors \u00bb<\/strong> du 25 mai au 30 juin\u00a02019 dans Galerie Bost, Valence<\/p>\n<hr \/>\n<h6><span style=\"color: #808080;\">La Galerie Bost art contemporain est une r\u00e9f\u00e9rence dans la <a href=\"https:\/\/www.google.de\/maps\/place\/GALERIE+BOST\/@44.9326186,4.8989023,12.99z\/data=!4m5!3m4!1s0x47f559d2b570496d:0x1d71411ad684d2f0!8m2!3d44.9329827!4d4.8908496\">ville de Valence, dans la Dr\u00f4me en France<\/a>.<\/span><\/h6>\n<p>Elle repr\u00e9sente depuis plus de dix ans des <a href=\"https:\/\/galerie-bost.com\/index.php\/portfolio\/\">artistes contemporains<\/a>, jeunes talents ou cr\u00e9ateurs de renom, peintres et sculpteurs. Entre autres, <a href=\"https:\/\/galerie-bost.com\/index.php\/portfolio\/christine-barres\/\">Christine Barr\u00e8s<\/a>, <a href=\"https:\/\/galerie-bost.com\/index.php\/portfolio\/eric-munsch\/\">Eric Munsch<\/a>, <a href=\"https:\/\/galerie-bost.com\/index.php\/portfolio\/david-jamin\/\">David Jamin<\/a> et <a href=\"https:\/\/galerie-bost.com\/index.php\/portfolio\/christian-raffin\/\">Christian Raffin<\/a> comptent parmi les artistes que la galerie Bost art contemporain accompagne dans leur trajectoire artistique. Ces artistes ont en commun une expression contemporaine figurative ou plus abstraite et souvent color\u00e9e du et des mondes qui les entourent et les habitent.<\/p>\n<p>Par le biais d\u2019une exposition permanente d\u2019oeuvres de l\u2019ensemble des artistes repr\u00e9sent\u00e9s par la Galerie Bost art contemporain ainsi que d\u2019<a href=\"https:\/\/galerie-bost.com\/index.php\/les-actualites\/\">expositions individuelles r\u00e9guli\u00e8res<\/a> comme celle de <a href=\"https:\/\/galerie-bost.com\/index.php\/portfolio\/david-jamin\/\">David Jamin<\/a>, <a href=\"https:\/\/galerie-bost.com\/index.php\/portfolio\/christine-barres\/\">Christine Barr\u00e8s<\/a>, <a href=\"https:\/\/galerie-bost.com\/index.php\/portfolio\/christian-raffin\/\">Christian Raffin<\/a> et <a href=\"https:\/\/galerie-bost.com\/index.php\/portfolio\/eric-munsch\/\">Eric Munsch<\/a>, les amateurs d\u2019art pourront ainsi acqu\u00e9rir des tableaux et des sculptures contemporaines, originales et de qualit\u00e9, qui sauront les faire r\u00eaver, penser, colorer et rendre vivant leur int\u00e9rieur. Petits formats et grands formats sont ainsi accessibles \u00e0 la Galerie Bost art contemporain.<\/p>\n","protected":false},"excerpt":{"rendered":"<p>Christine Barr\u00e8s pr\u00e9sente son exposition \u00ab Colors \u00bb, du 25 mai au 30 juin dans notre galerie \u00e0 Valence, o\u00f9 la couleur joue un r\u00f4le tr\u00e8s important dans ses tableaux de natures mortes, de paysages marins et de portraits tr\u00e8s contemporains. C\u2019est un travail color\u00e9 et rythm\u00e9 qui nous est propos\u00e9 avec des portraits, des [&hellip;]<\/p>\n","protected":false},"author":3,"featured_media":0,"comment_status":"closed","ping_status":"closed","sticky":false,"template":"","format":"standard","meta":[],"categories":[1],"tags":[],"yoast_head":"<!-- This site is optimized with the Yoast SEO plugin v17.2 - https:\/\/yoast.com\/wordpress\/plugins\/seo\/ -->\n<title>Exposition Christine Barr\u00e8s \u00ab\u00a0Colors\u00a0\u00bb - Galerie Bost Art Contemporain<\/title>\n<meta name=\"description\" content=\"L&#039;exposition de Christine Barr\u00e8s \u00ab\u00a0Colors\u00a0\u00bb, dans notre galerie \u00e0 Valence. La couleur joue un r\u00f4le tr\u00e8s important dans ses tableaux modernes.\" \/>\n<meta name=\"robots\" content=\"index, follow, max-snippet:-1, max-image-preview:large, max-video-preview:-1\" \/>\n<link rel=\"canonical\" href=\"https:\/\/galerie-bost.com\/index.php\/2019\/04\/12\/exposition-christine-barres-colors\/\" \/>\n<meta property=\"og:locale\" content=\"fr_FR\" \/>\n<meta property=\"og:type\" content=\"article\" \/>\n<meta property=\"og:title\" content=\"Exposition Christine Barr\u00e8s \u00ab\u00a0Colors\u00a0\u00bb - Galerie Bost Art Contemporain\" \/>\n<meta property=\"og:description\" content=\"L&#039;exposition de Christine Barr\u00e8s \u00ab\u00a0Colors\u00a0\u00bb, dans notre galerie \u00e0 Valence. La couleur joue un r\u00f4le tr\u00e8s important dans ses tableaux modernes.\" \/>\n<meta property=\"og:url\" content=\"https:\/\/galerie-bost.com\/index.php\/2019\/04\/12\/exposition-christine-barres-colors\/\" \/>\n<meta property=\"og:site_name\" content=\"Galerie Bost\" \/>\n<meta property=\"article:published_time\" content=\"2019-04-12T11:50:40+00:00\" \/>\n<meta property=\"article:modified_time\" content=\"2021-11-03T15:13:54+00:00\" \/>\n<meta property=\"og:image\" content=\"https:\/\/galerie-bost.com\/wp-content\/uploads\/2019\/02\/des-vins-et-des-parfums-...-Huile-sur-toile-80x80-cm-295x300.jpg\" \/>\n<meta name=\"twitter:card\" content=\"summary_large_image\" \/>\n<meta name=\"twitter:label1\" content=\"\u00c9crit par\" \/>\n\t<meta name=\"twitter:data1\" content=\"Isabelle Bost\" \/>\n\t<meta name=\"twitter:label2\" content=\"Dur\u00e9e de lecture est.\" \/>\n\t<meta name=\"twitter:data2\" content=\"2 minutes\" \/>\n<script type=\"application\/ld+json\" class=\"yoast-schema-graph\">{\"@context\":\"https:\/\/schema.org\",\"@graph\":[{\"@type\":\"Organization\",\"@id\":\"https:\/\/galerie-bost.com\/#organization\",\"name\":\"Galerie Bost\",\"url\":\"https:\/\/galerie-bost.com\/\",\"sameAs\":[],\"logo\":{\"@type\":\"ImageObject\",\"@id\":\"https:\/\/galerie-bost.com\/#logo\",\"inLanguage\":\"fr-FR\",\"url\":\"https:\/\/galerie-bost.com\/wp-content\/uploads\/2017\/11\/logoBost1.png\",\"contentUrl\":\"https:\/\/galerie-bost.com\/wp-content\/uploads\/2017\/11\/logoBost1.png\",\"width\":280,\"height\":47,\"caption\":\"Galerie Bost\"},\"image\":{\"@id\":\"https:\/\/galerie-bost.com\/#logo\"}},{\"@type\":\"WebSite\",\"@id\":\"https:\/\/galerie-bost.com\/#website\",\"url\":\"https:\/\/galerie-bost.com\/\",\"name\":\"Galerie Bost\",\"description\":\"Galerie d&#039;art contemporain. Toile et d\\u00e9coration\",\"publisher\":{\"@id\":\"https:\/\/galerie-bost.com\/#organization\"},\"potentialAction\":[{\"@type\":\"SearchAction\",\"target\":{\"@type\":\"EntryPoint\",\"urlTemplate\":\"https:\/\/galerie-bost.com\/?s={search_term_string}\"},\"query-input\":\"required name=search_term_string\"}],\"inLanguage\":\"fr-FR\"},{\"@type\":\"ImageObject\",\"@id\":\"https:\/\/galerie-bost.com\/index.php\/2019\/04\/12\/exposition-christine-barres-colors\/#primaryimage\",\"inLanguage\":\"fr-FR\",\"url\":\"https:\/\/galerie-bost.com\/wp-content\/uploads\/2019\/02\/des-vins-et-des-parfums-...-Huile-sur-toile-80x80-cm-295x300.jpg\",\"contentUrl\":\"https:\/\/galerie-bost.com\/wp-content\/uploads\/2019\/02\/des-vins-et-des-parfums-...-Huile-sur-toile-80x80-cm-295x300.jpg\"},{\"@type\":\"WebPage\",\"@id\":\"https:\/\/galerie-bost.com\/index.php\/2019\/04\/12\/exposition-christine-barres-colors\/#webpage\",\"url\":\"https:\/\/galerie-bost.com\/index.php\/2019\/04\/12\/exposition-christine-barres-colors\/\",\"name\":\"Exposition Christine Barr\\u00e8s \\u00ab\\u00a0Colors\\u00a0\\u00bb - Galerie Bost Art Contemporain\",\"isPartOf\":{\"@id\":\"https:\/\/galerie-bost.com\/#website\"},\"primaryImageOfPage\":{\"@id\":\"https:\/\/galerie-bost.com\/index.php\/2019\/04\/12\/exposition-christine-barres-colors\/#primaryimage\"},\"datePublished\":\"2019-04-12T11:50:40+00:00\",\"dateModified\":\"2021-11-03T15:13:54+00:00\",\"description\":\"L'exposition de Christine Barr\\u00e8s \\u00ab\\u00a0Colors\\u00a0\\u00bb, dans notre galerie \\u00e0 Valence. La couleur joue un r\\u00f4le tr\\u00e8s important dans ses tableaux modernes.\",\"breadcrumb\":{\"@id\":\"https:\/\/galerie-bost.com\/index.php\/2019\/04\/12\/exposition-christine-barres-colors\/#breadcrumb\"},\"inLanguage\":\"fr-FR\",\"potentialAction\":[{\"@type\":\"ReadAction\",\"target\":[\"https:\/\/galerie-bost.com\/index.php\/2019\/04\/12\/exposition-christine-barres-colors\/\"]}]},{\"@type\":\"BreadcrumbList\",\"@id\":\"https:\/\/galerie-bost.com\/index.php\/2019\/04\/12\/exposition-christine-barres-colors\/#breadcrumb\",\"itemListElement\":[{\"@type\":\"ListItem\",\"position\":1,\"name\":\"Exposition Christine Barr\\u00e8s \\u00ab\\u00a0Colors\\u00a0\\u00bb du 16 mars au 20 avril 2019\"}]},{\"@type\":\"Article\",\"@id\":\"https:\/\/galerie-bost.com\/index.php\/2019\/04\/12\/exposition-christine-barres-colors\/#article\",\"isPartOf\":{\"@id\":\"https:\/\/galerie-bost.com\/index.php\/2019\/04\/12\/exposition-christine-barres-colors\/#webpage\"},\"author\":{\"@id\":\"https:\/\/galerie-bost.com\/#\/schema\/person\/8f53a132d905888ee6a95eff87c6f578\"},\"headline\":\"Exposition Christine Barr\\u00e8s \\u00ab\\u00a0Colors\\u00a0\\u00bb du 16 mars au 20 avril 2019\",\"datePublished\":\"2019-04-12T11:50:40+00:00\",\"dateModified\":\"2021-11-03T15:13:54+00:00\",\"mainEntityOfPage\":{\"@id\":\"https:\/\/galerie-bost.com\/index.php\/2019\/04\/12\/exposition-christine-barres-colors\/#webpage\"},\"wordCount\":375,\"publisher\":{\"@id\":\"https:\/\/galerie-bost.com\/#organization\"},\"image\":{\"@id\":\"https:\/\/galerie-bost.com\/index.php\/2019\/04\/12\/exposition-christine-barres-colors\/#primaryimage\"},\"thumbnailUrl\":\"https:\/\/galerie-bost.com\/wp-content\/uploads\/2019\/02\/des-vins-et-des-parfums-...-Huile-sur-toile-80x80-cm-295x300.jpg\",\"inLanguage\":\"fr-FR\"},{\"@type\":\"Person\",\"@id\":\"https:\/\/galerie-bost.com\/#\/schema\/person\/8f53a132d905888ee6a95eff87c6f578\",\"name\":\"Isabelle Bost\",\"image\":{\"@type\":\"ImageObject\",\"@id\":\"https:\/\/galerie-bost.com\/#personlogo\",\"inLanguage\":\"fr-FR\",\"url\":\"https:\/\/secure.gravatar.com\/avatar\/923f969b56f96edcb7b809a86b40ea65?s=96&d=mm&r=g\",\"contentUrl\":\"https:\/\/secure.gravatar.com\/avatar\/923f969b56f96edcb7b809a86b40ea65?s=96&d=mm&r=g\",\"caption\":\"Isabelle Bost\"},\"url\":\"https:\/\/galerie-bost.com\/index.php\/author\/ibost\/\"}]}<\/script>\n<!-- \/ Yoast SEO plugin. -->","yoast_head_json":{"title":"Exposition Christine Barr\u00e8s \u00ab\u00a0Colors\u00a0\u00bb - Galerie Bost Art Contemporain","description":"L'exposition de Christine Barr\u00e8s \u00ab\u00a0Colors\u00a0\u00bb, dans notre galerie \u00e0 Valence. La couleur joue un r\u00f4le tr\u00e8s important dans ses tableaux modernes.","robots":{"index":"index","follow":"follow","max-snippet":"max-snippet:-1","max-image-preview":"max-image-preview:large","max-video-preview":"max-video-preview:-1"},"canonical":"https:\/\/galerie-bost.com\/index.php\/2019\/04\/12\/exposition-christine-barres-colors\/","og_locale":"fr_FR","og_type":"article","og_title":"Exposition Christine Barr\u00e8s \u00ab\u00a0Colors\u00a0\u00bb - Galerie Bost Art Contemporain","og_description":"L'exposition de Christine Barr\u00e8s \u00ab\u00a0Colors\u00a0\u00bb, dans notre galerie \u00e0 Valence. La couleur joue un r\u00f4le tr\u00e8s important dans ses tableaux modernes.","og_url":"https:\/\/galerie-bost.com\/index.php\/2019\/04\/12\/exposition-christine-barres-colors\/","og_site_name":"Galerie Bost","article_published_time":"2019-04-12T11:50:40+00:00","article_modified_time":"2021-11-03T15:13:54+00:00","og_image":[{"url":"https:\/\/galerie-bost.com\/wp-content\/uploads\/2019\/02\/des-vins-et-des-parfums-...-Huile-sur-toile-80x80-cm-295x300.jpg"}],"twitter_card":"summary_large_image","twitter_misc":{"\u00c9crit par":"Isabelle Bost","Dur\u00e9e de lecture est.":"2 minutes"},"schema":{"@context":"https:\/\/schema.org","@graph":[{"@type":"Organization","@id":"https:\/\/galerie-bost.com\/#organization","name":"Galerie Bost","url":"https:\/\/galerie-bost.com\/","sameAs":[],"logo":{"@type":"ImageObject","@id":"https:\/\/galerie-bost.com\/#logo","inLanguage":"fr-FR","url":"https:\/\/galerie-bost.com\/wp-content\/uploads\/2017\/11\/logoBost1.png","contentUrl":"https:\/\/galerie-bost.com\/wp-content\/uploads\/2017\/11\/logoBost1.png","width":280,"height":47,"caption":"Galerie Bost"},"image":{"@id":"https:\/\/galerie-bost.com\/#logo"}},{"@type":"WebSite","@id":"https:\/\/galerie-bost.com\/#website","url":"https:\/\/galerie-bost.com\/","name":"Galerie Bost","description":"Galerie d&#039;art contemporain. Toile et d\u00e9coration","publisher":{"@id":"https:\/\/galerie-bost.com\/#organization"},"potentialAction":[{"@type":"SearchAction","target":{"@type":"EntryPoint","urlTemplate":"https:\/\/galerie-bost.com\/?s={search_term_string}"},"query-input":"required name=search_term_string"}],"inLanguage":"fr-FR"},{"@type":"ImageObject","@id":"https:\/\/galerie-bost.com\/index.php\/2019\/04\/12\/exposition-christine-barres-colors\/#primaryimage","inLanguage":"fr-FR","url":"https:\/\/galerie-bost.com\/wp-content\/uploads\/2019\/02\/des-vins-et-des-parfums-...-Huile-sur-toile-80x80-cm-295x300.jpg","contentUrl":"https:\/\/galerie-bost.com\/wp-content\/uploads\/2019\/02\/des-vins-et-des-parfums-...-Huile-sur-toile-80x80-cm-295x300.jpg"},{"@type":"WebPage","@id":"https:\/\/galerie-bost.com\/index.php\/2019\/04\/12\/exposition-christine-barres-colors\/#webpage","url":"https:\/\/galerie-bost.com\/index.php\/2019\/04\/12\/exposition-christine-barres-colors\/","name":"Exposition Christine Barr\u00e8s \u00ab\u00a0Colors\u00a0\u00bb - Galerie Bost Art Contemporain","isPartOf":{"@id":"https:\/\/galerie-bost.com\/#website"},"primaryImageOfPage":{"@id":"https:\/\/galerie-bost.com\/index.php\/2019\/04\/12\/exposition-christine-barres-colors\/#primaryimage"},"datePublished":"2019-04-12T11:50:40+00:00","dateModified":"2021-11-03T15:13:54+00:00","description":"L'exposition de Christine Barr\u00e8s \u00ab\u00a0Colors\u00a0\u00bb, dans notre galerie \u00e0 Valence. La couleur joue un r\u00f4le tr\u00e8s important dans ses tableaux modernes.","breadcrumb":{"@id":"https:\/\/galerie-bost.com\/index.php\/2019\/04\/12\/exposition-christine-barres-colors\/#breadcrumb"},"inLanguage":"fr-FR","potentialAction":[{"@type":"ReadAction","target":["https:\/\/galerie-bost.com\/index.php\/2019\/04\/12\/exposition-christine-barres-colors\/"]}]},{"@type":"BreadcrumbList","@id":"https:\/\/galerie-bost.com\/index.php\/2019\/04\/12\/exposition-christine-barres-colors\/#breadcrumb","itemListElement":[{"@type":"ListItem","position":1,"name":"Exposition Christine Barr\u00e8s \u00ab\u00a0Colors\u00a0\u00bb du 16 mars au 20 avril 2019"}]},{"@type":"Article","@id":"https:\/\/galerie-bost.com\/index.php\/2019\/04\/12\/exposition-christine-barres-colors\/#article","isPartOf":{"@id":"https:\/\/galerie-bost.com\/index.php\/2019\/04\/12\/exposition-christine-barres-colors\/#webpage"},"author":{"@id":"https:\/\/galerie-bost.com\/#\/schema\/person\/8f53a132d905888ee6a95eff87c6f578"},"headline":"Exposition Christine Barr\u00e8s \u00ab\u00a0Colors\u00a0\u00bb du 16 mars au 20 avril 2019","datePublished":"2019-04-12T11:50:40+00:00","dateModified":"2021-11-03T15:13:54+00:00","mainEntityOfPage":{"@id":"https:\/\/galerie-bost.com\/index.php\/2019\/04\/12\/exposition-christine-barres-colors\/#webpage"},"wordCount":375,"publisher":{"@id":"https:\/\/galerie-bost.com\/#organization"},"image":{"@id":"https:\/\/galerie-bost.com\/index.php\/2019\/04\/12\/exposition-christine-barres-colors\/#primaryimage"},"thumbnailUrl":"https:\/\/galerie-bost.com\/wp-content\/uploads\/2019\/02\/des-vins-et-des-parfums-...-Huile-sur-toile-80x80-cm-295x300.jpg","inLanguage":"fr-FR"},{"@type":"Person","@id":"https:\/\/galerie-bost.com\/#\/schema\/person\/8f53a132d905888ee6a95eff87c6f578","name":"Isabelle Bost","image":{"@type":"ImageObject","@id":"https:\/\/galerie-bost.com\/#personlogo","inLanguage":"fr-FR","url":"https:\/\/secure.gravatar.com\/avatar\/923f969b56f96edcb7b809a86b40ea65?s=96&d=mm&r=g","contentUrl":"https:\/\/secure.gravatar.com\/avatar\/923f969b56f96edcb7b809a86b40ea65?s=96&d=mm&r=g","caption":"Isabelle Bost"},"url":"https:\/\/galerie-bost.com\/index.php\/author\/ibost\/"}]}},"_links":{"self":[{"href":"https:\/\/galerie-bost.com\/index.php\/wp-json\/wp\/v2\/posts\/1734"}],"collection":[{"href":"https:\/\/galerie-bost.com\/index.php\/wp-json\/wp\/v2\/posts"}],"about":[{"href":"https:\/\/galerie-bost.com\/index.php\/wp-json\/wp\/v2\/types\/post"}],"author":[{"embeddable":true,"href":"https:\/\/galerie-bost.com\/index.php\/wp-json\/wp\/v2\/users\/3"}],"replies":[{"embeddable":true,"href":"https:\/\/galerie-bost.com\/index.php\/wp-json\/wp\/v2\/comments?post=1734"}],"version-history":[{"count":4,"href":"https:\/\/galerie-bost.com\/index.php\/wp-json\/wp\/v2\/posts\/1734\/revisions"}],"predecessor-version":[{"id":11676,"href":"https:\/\/galerie-bost.com\/index.php\/wp-json\/wp\/v2\/posts\/1734\/revisions\/11676"}],"wp:attachment":[{"href":"https:\/\/galerie-bost.com\/index.php\/wp-json\/wp\/v2\/media?parent=1734"}],"wp:term":[{"taxonomy":"category","embeddable":true,"href":"https:\/\/galerie-bost.com\/index.php\/wp-json\/wp\/v2\/categories?post=1734"},{"taxonomy":"post_tag","embeddable":true,"href":"https:\/\/galerie-bost.com\/index.php\/wp-json\/wp\/v2\/tags?post=1734"}],"curies":[{"name":"wp","href":"https:\/\/api.w.org\/{rel}","templated":true}]}}