{"id":1495,"date":"2018-03-10T17:59:02","date_gmt":"2018-03-10T16:59:02","guid":{"rendered":"https:\/\/galerie-bost.com\/?p=1495"},"modified":"2021-11-03T16:15:33","modified_gmt":"2021-11-03T15:15:33","slug":"exposition-david-jamin-variations","status":"publish","type":"post","link":"https:\/\/galerie-bost.com\/index.php\/2018\/03\/10\/exposition-david-jamin-variations\/","title":{"rendered":"Exposition David Jamin \u00ab Variations \u00bb du 17 mars au 21 avril 2018"},"content":{"rendered":"<p data-pm-slice=\"1 1 []\">Du 17 mars au 21 avril, d\u00e9couvrez la <strong>nouvelle exposition de <a href=\"https:\/\/galerie-bost.com\/index.php\/portfolio\/david-jamin\/\">David Jamin<\/a> <\/strong>\u00e0 notre galerie \u00e0 Valence. <strong>\u00ab\u00a0Variations\u00a0\u00bb<\/strong> est le titre choisi pour cette exposition de David Jamin parce qu\u2019il la refl\u00e8te parfaitement.<\/p>\n<p data-pm-slice=\"1 1 []\"><img loading=\"lazy\" class=\"aligncenter wp-image-1486 size-medium\" src=\"https:\/\/galerie-bost.com\/wp-content\/uploads\/2018\/03\/Affiche-jpeg-light-212x300.jpg\" alt=\"Exposition David Jamin \u00ab Variations \u00bb\" width=\"212\" height=\"300\" srcset=\"https:\/\/galerie-bost.com\/wp-content\/uploads\/2018\/03\/Affiche-jpeg-light-212x300.jpg 212w, https:\/\/galerie-bost.com\/wp-content\/uploads\/2018\/03\/Affiche-jpeg-light.jpg 679w\" sizes=\"(max-width: 212px) 100vw, 212px\" \/><\/p>\n<p data-pm-slice=\"1 1 []\">\n<p>David Jamin, \u00e0 travers ses tableaux, nous offre les th\u00e8mes qu\u2019il affectionne et qui l\u2019habitent depuis de nombreuses ann\u00e9es : les introportraits et les dandys.<\/p>\n<p>Se sont greff\u00e9s de nouveaux th\u00e8mes, de nouvelles envies tels que les oiseaux mais aussi les oliviers et \u2026<\/p>\n<figure id=\"attachment_1537\" aria-describedby=\"caption-attachment-1537\" style=\"width: 300px\" class=\"wp-caption aligncenter\"><img loading=\"lazy\" class=\"wp-image-1537 size-medium\" src=\"https:\/\/galerie-bost.com\/wp-content\/uploads\/2018\/04\/david-jamin-olivier-1-acrylique-sur-toile-tableau-30x30-cm-300x298.jpg\" alt=\"David Jamin - Olivier 1 - Acrylique sur toile - Tableau 30x30 cm\" width=\"300\" height=\"298\" \/><figcaption id=\"caption-attachment-1537\" class=\"wp-caption-text\"><em>David Jamin &#8211; Olivier &#8211; Acrylique sur toile &#8211; 30&#215;30 cm &#8211; oeuvre vendue<\/em><\/figcaption><\/figure>\n<p>\u2026 des portraits d\u2019un nouveau genre ultra contemporains dans lesquels on per\u00e7oit un souffle de libert\u00e9 et une sagacit\u00e9 encore plus exacerb\u00e9s, nouveau miroir de notre \u00e2me qu\u2019il nous propose.<\/p>\n<p>D\u00e9couvrez les <strong>tableaux tr\u00e8s contemporains de David Jamin<\/strong> lors de cette exposition \u00e0 Valence.<\/p>\n<div data-node-type=\"mediaSingle\" data-layout=\"center\" data-width=\"\">\n<div title=\"Attachment\" data-id=\"\" data-node-type=\"media\" data-type=\"external\" data-collection=\"\" data-url=\"https:\/\/galerie-bost.com\/wp-content\/uploads\/2018\/03\/Affiche-jpeg-light-212x300.jpg\" data-alt=\"\"><\/div>\n<\/div>\n<div class=\"fabric-editor-block-mark fabric-editor-align-center\" data-align=\"center\">\n<p style=\"text-align: center;\"><strong>Exposition de <a href=\"https:\/\/www.davidjamin.fr\/galeries-partenaire\/\">David Jamin<\/a> \u00ab Variations \u00bb<\/strong> du 17 mars au 21 avril 2018 dans Galerie Bost, Valence<\/p>\n<hr \/>\n<h6><span style=\"color: #808080;\">La Galerie Bost art contemporain est une r\u00e9f\u00e9rence dans la <a href=\"https:\/\/www.google.de\/maps\/place\/GALERIE+BOST\/@44.9326186,4.8989023,12.99z\/data=!4m5!3m4!1s0x47f559d2b570496d:0x1d71411ad684d2f0!8m2!3d44.9329827!4d4.8908496\">ville de Valence, dans la Dr\u00f4me en France<\/a>.<\/span><\/h6>\n<p>Elle repr\u00e9sente depuis plus de dix ans des <a href=\"https:\/\/galerie-bost.com\/index.php\/portfolio\/\">artistes contemporains<\/a>, jeunes talents ou cr\u00e9ateurs de renom, peintres et sculpteurs. Entre autres, <a href=\"https:\/\/galerie-bost.com\/index.php\/portfolio\/christine-barres\/\">Christine Barr\u00e8s<\/a>, <a href=\"https:\/\/galerie-bost.com\/index.php\/portfolio\/eric-munsch\/\">Eric Munsch<\/a>, <a href=\"https:\/\/galerie-bost.com\/index.php\/portfolio\/david-jamin\/\">David Jamin<\/a> et <a href=\"https:\/\/galerie-bost.com\/index.php\/portfolio\/christian-raffin\/\">Christian Raffin<\/a> comptent parmi les artistes que la galerie Bost art contemporain accompagne dans leur trajectoire artistique. Ces artistes ont en commun une expression contemporaine figurative ou plus abstraite et souvent color\u00e9e du et des mondes qui les entourent et les habitent.<\/p>\n<p>Par le biais d\u2019une exposition permanente d\u2019oeuvres de l\u2019ensemble des artistes repr\u00e9sent\u00e9s par la Galerie Bost art contemporain ainsi que d\u2019<a href=\"https:\/\/galerie-bost.com\/index.php\/les-actualites\/\">expositions individuelles r\u00e9guli\u00e8res<\/a> comme celle de <a href=\"https:\/\/galerie-bost.com\/index.php\/portfolio\/david-jamin\/\">David Jamin<\/a>, <a href=\"https:\/\/galerie-bost.com\/index.php\/portfolio\/christine-barres\/\">Christine Barr\u00e8s<\/a>, <a href=\"https:\/\/galerie-bost.com\/index.php\/portfolio\/christian-raffin\/\">Christian Raffin<\/a> et <a href=\"https:\/\/galerie-bost.com\/index.php\/portfolio\/eric-munsch\/\">Eric Munsch<\/a>, les amateurs d\u2019art pourront ainsi acqu\u00e9rir des tableaux et des sculptures contemporaines, originales et de qualit\u00e9, qui sauront les faire r\u00eaver, penser, colorer et rendre vivant leur int\u00e9rieur. Petits formats et grands formats sont ainsi accessibles \u00e0 la Galerie Bost art contemporain.<\/p>\n<\/div>\n","protected":false},"excerpt":{"rendered":"<p>Du 17 mars au 21 avril, d\u00e9couvrez la nouvelle exposition de David Jamin \u00e0 notre galerie \u00e0 Valence. \u00ab\u00a0Variations\u00a0\u00bb est le titre choisi pour cette exposition de David Jamin parce qu\u2019il la refl\u00e8te parfaitement. David Jamin, \u00e0 travers ses tableaux, nous offre les th\u00e8mes qu\u2019il affectionne et qui l\u2019habitent depuis de nombreuses ann\u00e9es : les [&hellip;]<\/p>\n","protected":false},"author":3,"featured_media":1486,"comment_status":"closed","ping_status":"closed","sticky":false,"template":"","format":"standard","meta":[],"categories":[1],"tags":[],"yoast_head":"<!-- This site is optimized with the Yoast SEO plugin v17.2 - https:\/\/yoast.com\/wordpress\/plugins\/seo\/ -->\n<title>Exposition David Jamin \u00ab Variations \u00bb - Galerie Bost Art Contemporain<\/title>\n<meta name=\"description\" content=\"\u00ab\u00a0Variations\u00a0\u00bb est le titre choisi pour cette exposition de David Jamin, dans notre galerie \u00e0 Valence, parce qu\u2019il la refl\u00e8te parfaitement.\" \/>\n<meta name=\"robots\" content=\"index, follow, max-snippet:-1, max-image-preview:large, max-video-preview:-1\" \/>\n<link rel=\"canonical\" href=\"https:\/\/galerie-bost.com\/index.php\/2018\/03\/10\/exposition-david-jamin-variations\/\" \/>\n<meta property=\"og:locale\" content=\"fr_FR\" \/>\n<meta property=\"og:type\" content=\"article\" \/>\n<meta property=\"og:title\" content=\"Exposition David Jamin \u00ab Variations \u00bb - Galerie Bost Art Contemporain\" \/>\n<meta property=\"og:description\" content=\"\u00ab\u00a0Variations\u00a0\u00bb est le titre choisi pour cette exposition de David Jamin, dans notre galerie \u00e0 Valence, parce qu\u2019il la refl\u00e8te parfaitement.\" \/>\n<meta property=\"og:url\" content=\"https:\/\/galerie-bost.com\/index.php\/2018\/03\/10\/exposition-david-jamin-variations\/\" \/>\n<meta property=\"og:site_name\" content=\"Galerie Bost\" \/>\n<meta property=\"article:published_time\" content=\"2018-03-10T16:59:02+00:00\" \/>\n<meta property=\"article:modified_time\" content=\"2021-11-03T15:15:33+00:00\" \/>\n<meta property=\"og:image\" content=\"https:\/\/galerie-bost.com\/wp-content\/uploads\/2018\/03\/Affiche-jpeg-light.jpg\" \/>\n\t<meta property=\"og:image:width\" content=\"679\" \/>\n\t<meta property=\"og:image:height\" content=\"960\" \/>\n<meta name=\"twitter:card\" content=\"summary_large_image\" \/>\n<meta name=\"twitter:label1\" content=\"\u00c9crit par\" \/>\n\t<meta name=\"twitter:data1\" content=\"Isabelle Bost\" \/>\n\t<meta name=\"twitter:label2\" content=\"Dur\u00e9e de lecture est.\" \/>\n\t<meta name=\"twitter:data2\" content=\"2 minutes\" \/>\n<script type=\"application\/ld+json\" class=\"yoast-schema-graph\">{\"@context\":\"https:\/\/schema.org\",\"@graph\":[{\"@type\":\"Organization\",\"@id\":\"https:\/\/galerie-bost.com\/#organization\",\"name\":\"Galerie Bost\",\"url\":\"https:\/\/galerie-bost.com\/\",\"sameAs\":[],\"logo\":{\"@type\":\"ImageObject\",\"@id\":\"https:\/\/galerie-bost.com\/#logo\",\"inLanguage\":\"fr-FR\",\"url\":\"https:\/\/galerie-bost.com\/wp-content\/uploads\/2017\/11\/logoBost1.png\",\"contentUrl\":\"https:\/\/galerie-bost.com\/wp-content\/uploads\/2017\/11\/logoBost1.png\",\"width\":280,\"height\":47,\"caption\":\"Galerie Bost\"},\"image\":{\"@id\":\"https:\/\/galerie-bost.com\/#logo\"}},{\"@type\":\"WebSite\",\"@id\":\"https:\/\/galerie-bost.com\/#website\",\"url\":\"https:\/\/galerie-bost.com\/\",\"name\":\"Galerie Bost\",\"description\":\"Galerie d&#039;art contemporain. Toile et d\\u00e9coration\",\"publisher\":{\"@id\":\"https:\/\/galerie-bost.com\/#organization\"},\"potentialAction\":[{\"@type\":\"SearchAction\",\"target\":{\"@type\":\"EntryPoint\",\"urlTemplate\":\"https:\/\/galerie-bost.com\/?s={search_term_string}\"},\"query-input\":\"required name=search_term_string\"}],\"inLanguage\":\"fr-FR\"},{\"@type\":\"ImageObject\",\"@id\":\"https:\/\/galerie-bost.com\/index.php\/2018\/03\/10\/exposition-david-jamin-variations\/#primaryimage\",\"inLanguage\":\"fr-FR\",\"url\":\"https:\/\/galerie-bost.com\/wp-content\/uploads\/2018\/03\/Affiche-jpeg-light.jpg\",\"contentUrl\":\"https:\/\/galerie-bost.com\/wp-content\/uploads\/2018\/03\/Affiche-jpeg-light.jpg\",\"width\":679,\"height\":960},{\"@type\":\"WebPage\",\"@id\":\"https:\/\/galerie-bost.com\/index.php\/2018\/03\/10\/exposition-david-jamin-variations\/#webpage\",\"url\":\"https:\/\/galerie-bost.com\/index.php\/2018\/03\/10\/exposition-david-jamin-variations\/\",\"name\":\"Exposition David Jamin \\u00ab Variations \\u00bb - Galerie Bost Art Contemporain\",\"isPartOf\":{\"@id\":\"https:\/\/galerie-bost.com\/#website\"},\"primaryImageOfPage\":{\"@id\":\"https:\/\/galerie-bost.com\/index.php\/2018\/03\/10\/exposition-david-jamin-variations\/#primaryimage\"},\"datePublished\":\"2018-03-10T16:59:02+00:00\",\"dateModified\":\"2021-11-03T15:15:33+00:00\",\"description\":\"\\u00ab\\u00a0Variations\\u00a0\\u00bb est le titre choisi pour cette exposition de David Jamin, dans notre galerie \\u00e0 Valence, parce qu\\u2019il la refl\\u00e8te parfaitement.\",\"breadcrumb\":{\"@id\":\"https:\/\/galerie-bost.com\/index.php\/2018\/03\/10\/exposition-david-jamin-variations\/#breadcrumb\"},\"inLanguage\":\"fr-FR\",\"potentialAction\":[{\"@type\":\"ReadAction\",\"target\":[\"https:\/\/galerie-bost.com\/index.php\/2018\/03\/10\/exposition-david-jamin-variations\/\"]}]},{\"@type\":\"BreadcrumbList\",\"@id\":\"https:\/\/galerie-bost.com\/index.php\/2018\/03\/10\/exposition-david-jamin-variations\/#breadcrumb\",\"itemListElement\":[{\"@type\":\"ListItem\",\"position\":1,\"name\":\"Exposition David Jamin \\u00ab Variations \\u00bb du 17 mars au 21 avril 2018\"}]},{\"@type\":\"Article\",\"@id\":\"https:\/\/galerie-bost.com\/index.php\/2018\/03\/10\/exposition-david-jamin-variations\/#article\",\"isPartOf\":{\"@id\":\"https:\/\/galerie-bost.com\/index.php\/2018\/03\/10\/exposition-david-jamin-variations\/#webpage\"},\"author\":{\"@id\":\"https:\/\/galerie-bost.com\/#\/schema\/person\/8f53a132d905888ee6a95eff87c6f578\"},\"headline\":\"Exposition David Jamin \\u00ab Variations \\u00bb du 17 mars au 21 avril 2018\",\"datePublished\":\"2018-03-10T16:59:02+00:00\",\"dateModified\":\"2021-11-03T15:15:33+00:00\",\"mainEntityOfPage\":{\"@id\":\"https:\/\/galerie-bost.com\/index.php\/2018\/03\/10\/exposition-david-jamin-variations\/#webpage\"},\"wordCount\":354,\"publisher\":{\"@id\":\"https:\/\/galerie-bost.com\/#organization\"},\"image\":{\"@id\":\"https:\/\/galerie-bost.com\/index.php\/2018\/03\/10\/exposition-david-jamin-variations\/#primaryimage\"},\"thumbnailUrl\":\"https:\/\/galerie-bost.com\/wp-content\/uploads\/2018\/03\/Affiche-jpeg-light.jpg\",\"inLanguage\":\"fr-FR\"},{\"@type\":\"Person\",\"@id\":\"https:\/\/galerie-bost.com\/#\/schema\/person\/8f53a132d905888ee6a95eff87c6f578\",\"name\":\"Isabelle Bost\",\"image\":{\"@type\":\"ImageObject\",\"@id\":\"https:\/\/galerie-bost.com\/#personlogo\",\"inLanguage\":\"fr-FR\",\"url\":\"https:\/\/secure.gravatar.com\/avatar\/923f969b56f96edcb7b809a86b40ea65?s=96&d=mm&r=g\",\"contentUrl\":\"https:\/\/secure.gravatar.com\/avatar\/923f969b56f96edcb7b809a86b40ea65?s=96&d=mm&r=g\",\"caption\":\"Isabelle Bost\"},\"url\":\"https:\/\/galerie-bost.com\/index.php\/author\/ibost\/\"}]}<\/script>\n<!-- \/ Yoast SEO plugin. -->","yoast_head_json":{"title":"Exposition David Jamin \u00ab Variations \u00bb - Galerie Bost Art Contemporain","description":"\u00ab\u00a0Variations\u00a0\u00bb est le titre choisi pour cette exposition de David Jamin, dans notre galerie \u00e0 Valence, parce qu\u2019il la refl\u00e8te parfaitement.","robots":{"index":"index","follow":"follow","max-snippet":"max-snippet:-1","max-image-preview":"max-image-preview:large","max-video-preview":"max-video-preview:-1"},"canonical":"https:\/\/galerie-bost.com\/index.php\/2018\/03\/10\/exposition-david-jamin-variations\/","og_locale":"fr_FR","og_type":"article","og_title":"Exposition David Jamin \u00ab Variations \u00bb - Galerie Bost Art Contemporain","og_description":"\u00ab\u00a0Variations\u00a0\u00bb est le titre choisi pour cette exposition de David Jamin, dans notre galerie \u00e0 Valence, parce qu\u2019il la refl\u00e8te parfaitement.","og_url":"https:\/\/galerie-bost.com\/index.php\/2018\/03\/10\/exposition-david-jamin-variations\/","og_site_name":"Galerie Bost","article_published_time":"2018-03-10T16:59:02+00:00","article_modified_time":"2021-11-03T15:15:33+00:00","og_image":[{"width":679,"height":960,"url":"https:\/\/galerie-bost.com\/wp-content\/uploads\/2018\/03\/Affiche-jpeg-light.jpg","path":"\/home\/galeriebp\/www\/wp-content\/uploads\/2018\/03\/Affiche-jpeg-light.jpg","size":"full","id":1486,"alt":"","pixels":651840,"type":"image\/jpeg"}],"twitter_card":"summary_large_image","twitter_misc":{"\u00c9crit par":"Isabelle Bost","Dur\u00e9e de lecture est.":"2 minutes"},"schema":{"@context":"https:\/\/schema.org","@graph":[{"@type":"Organization","@id":"https:\/\/galerie-bost.com\/#organization","name":"Galerie Bost","url":"https:\/\/galerie-bost.com\/","sameAs":[],"logo":{"@type":"ImageObject","@id":"https:\/\/galerie-bost.com\/#logo","inLanguage":"fr-FR","url":"https:\/\/galerie-bost.com\/wp-content\/uploads\/2017\/11\/logoBost1.png","contentUrl":"https:\/\/galerie-bost.com\/wp-content\/uploads\/2017\/11\/logoBost1.png","width":280,"height":47,"caption":"Galerie Bost"},"image":{"@id":"https:\/\/galerie-bost.com\/#logo"}},{"@type":"WebSite","@id":"https:\/\/galerie-bost.com\/#website","url":"https:\/\/galerie-bost.com\/","name":"Galerie Bost","description":"Galerie d&#039;art contemporain. Toile et d\u00e9coration","publisher":{"@id":"https:\/\/galerie-bost.com\/#organization"},"potentialAction":[{"@type":"SearchAction","target":{"@type":"EntryPoint","urlTemplate":"https:\/\/galerie-bost.com\/?s={search_term_string}"},"query-input":"required name=search_term_string"}],"inLanguage":"fr-FR"},{"@type":"ImageObject","@id":"https:\/\/galerie-bost.com\/index.php\/2018\/03\/10\/exposition-david-jamin-variations\/#primaryimage","inLanguage":"fr-FR","url":"https:\/\/galerie-bost.com\/wp-content\/uploads\/2018\/03\/Affiche-jpeg-light.jpg","contentUrl":"https:\/\/galerie-bost.com\/wp-content\/uploads\/2018\/03\/Affiche-jpeg-light.jpg","width":679,"height":960},{"@type":"WebPage","@id":"https:\/\/galerie-bost.com\/index.php\/2018\/03\/10\/exposition-david-jamin-variations\/#webpage","url":"https:\/\/galerie-bost.com\/index.php\/2018\/03\/10\/exposition-david-jamin-variations\/","name":"Exposition David Jamin \u00ab Variations \u00bb - Galerie Bost Art Contemporain","isPartOf":{"@id":"https:\/\/galerie-bost.com\/#website"},"primaryImageOfPage":{"@id":"https:\/\/galerie-bost.com\/index.php\/2018\/03\/10\/exposition-david-jamin-variations\/#primaryimage"},"datePublished":"2018-03-10T16:59:02+00:00","dateModified":"2021-11-03T15:15:33+00:00","description":"\u00ab\u00a0Variations\u00a0\u00bb est le titre choisi pour cette exposition de David Jamin, dans notre galerie \u00e0 Valence, parce qu\u2019il la refl\u00e8te parfaitement.","breadcrumb":{"@id":"https:\/\/galerie-bost.com\/index.php\/2018\/03\/10\/exposition-david-jamin-variations\/#breadcrumb"},"inLanguage":"fr-FR","potentialAction":[{"@type":"ReadAction","target":["https:\/\/galerie-bost.com\/index.php\/2018\/03\/10\/exposition-david-jamin-variations\/"]}]},{"@type":"BreadcrumbList","@id":"https:\/\/galerie-bost.com\/index.php\/2018\/03\/10\/exposition-david-jamin-variations\/#breadcrumb","itemListElement":[{"@type":"ListItem","position":1,"name":"Exposition David Jamin \u00ab Variations \u00bb du 17 mars au 21 avril 2018"}]},{"@type":"Article","@id":"https:\/\/galerie-bost.com\/index.php\/2018\/03\/10\/exposition-david-jamin-variations\/#article","isPartOf":{"@id":"https:\/\/galerie-bost.com\/index.php\/2018\/03\/10\/exposition-david-jamin-variations\/#webpage"},"author":{"@id":"https:\/\/galerie-bost.com\/#\/schema\/person\/8f53a132d905888ee6a95eff87c6f578"},"headline":"Exposition David Jamin \u00ab Variations \u00bb du 17 mars au 21 avril 2018","datePublished":"2018-03-10T16:59:02+00:00","dateModified":"2021-11-03T15:15:33+00:00","mainEntityOfPage":{"@id":"https:\/\/galerie-bost.com\/index.php\/2018\/03\/10\/exposition-david-jamin-variations\/#webpage"},"wordCount":354,"publisher":{"@id":"https:\/\/galerie-bost.com\/#organization"},"image":{"@id":"https:\/\/galerie-bost.com\/index.php\/2018\/03\/10\/exposition-david-jamin-variations\/#primaryimage"},"thumbnailUrl":"https:\/\/galerie-bost.com\/wp-content\/uploads\/2018\/03\/Affiche-jpeg-light.jpg","inLanguage":"fr-FR"},{"@type":"Person","@id":"https:\/\/galerie-bost.com\/#\/schema\/person\/8f53a132d905888ee6a95eff87c6f578","name":"Isabelle Bost","image":{"@type":"ImageObject","@id":"https:\/\/galerie-bost.com\/#personlogo","inLanguage":"fr-FR","url":"https:\/\/secure.gravatar.com\/avatar\/923f969b56f96edcb7b809a86b40ea65?s=96&d=mm&r=g","contentUrl":"https:\/\/secure.gravatar.com\/avatar\/923f969b56f96edcb7b809a86b40ea65?s=96&d=mm&r=g","caption":"Isabelle Bost"},"url":"https:\/\/galerie-bost.com\/index.php\/author\/ibost\/"}]}},"_links":{"self":[{"href":"https:\/\/galerie-bost.com\/index.php\/wp-json\/wp\/v2\/posts\/1495"}],"collection":[{"href":"https:\/\/galerie-bost.com\/index.php\/wp-json\/wp\/v2\/posts"}],"about":[{"href":"https:\/\/galerie-bost.com\/index.php\/wp-json\/wp\/v2\/types\/post"}],"author":[{"embeddable":true,"href":"https:\/\/galerie-bost.com\/index.php\/wp-json\/wp\/v2\/users\/3"}],"replies":[{"embeddable":true,"href":"https:\/\/galerie-bost.com\/index.php\/wp-json\/wp\/v2\/comments?post=1495"}],"version-history":[{"count":4,"href":"https:\/\/galerie-bost.com\/index.php\/wp-json\/wp\/v2\/posts\/1495\/revisions"}],"predecessor-version":[{"id":11681,"href":"https:\/\/galerie-bost.com\/index.php\/wp-json\/wp\/v2\/posts\/1495\/revisions\/11681"}],"wp:featuredmedia":[{"embeddable":true,"href":"https:\/\/galerie-bost.com\/index.php\/wp-json\/wp\/v2\/media\/1486"}],"wp:attachment":[{"href":"https:\/\/galerie-bost.com\/index.php\/wp-json\/wp\/v2\/media?parent=1495"}],"wp:term":[{"taxonomy":"category","embeddable":true,"href":"https:\/\/galerie-bost.com\/index.php\/wp-json\/wp\/v2\/categories?post=1495"},{"taxonomy":"post_tag","embeddable":true,"href":"https:\/\/galerie-bost.com\/index.php\/wp-json\/wp\/v2\/tags?post=1495"}],"curies":[{"name":"wp","href":"https:\/\/api.w.org\/{rel}","templated":true}]}}